{"id":637,"date":"2018-12-24T12:28:13","date_gmt":"2018-12-24T11:28:13","guid":{"rendered":"https:\/\/hvu-online.de\/?p=637"},"modified":"2019-08-22T13:35:36","modified_gmt":"2019-08-22T11:35:36","slug":"aktion-weihnachtsfreude","status":"publish","type":"post","link":"https:\/\/hvu-online.de\/index.php\/2018\/12\/24\/aktion-weihnachtsfreude\/","title":{"rendered":"2018 &#8211; Aktion Weihnachtsfreude"},"content":{"rendered":"\t\t<div data-elementor-type=\"wp-post\" data-elementor-id=\"637\" class=\"elementor elementor-637\" data-elementor-post-type=\"post\">\n\t\t\t\t\t\t<section class=\"elementor-section elementor-top-section elementor-element elementor-element-cf552c5 elementor-section-boxed elementor-section-height-default elementor-section-height-default\" data-id=\"cf552c5\" data-element_type=\"section\" data-e-type=\"section\">\n\t\t\t\t\t\t<div class=\"elementor-container elementor-column-gap-default\">\n\t\t\t\t\t<div class=\"elementor-column elementor-col-100 elementor-top-column elementor-element elementor-element-f8e3231\" data-id=\"f8e3231\" data-element_type=\"column\" data-e-type=\"column\">\n\t\t\t<div class=\"elementor-widget-wrap elementor-element-populated\">\n\t\t\t\t\t\t<div class=\"elementor-element elementor-element-6116b3a elementor-widget elementor-widget-text-editor\" data-id=\"6116b3a\" data-element_type=\"widget\" data-e-type=\"widget\" data-widget_type=\"text-editor.default\">\n\t\t\t\t\t\t\t\t\t<h1>2018 &#8211; Aktion Weihnachtsfreude<\/h1>\t\t\t\t\t\t\t\t<\/div>\n\t\t\t\t\t<\/div>\n\t\t<\/div>\n\t\t\t\t\t<\/div>\n\t\t<\/section>\n\t\t\t\t<section class=\"elementor-section elementor-top-section elementor-element elementor-element-16b1019 elementor-section-boxed elementor-section-height-default elementor-section-height-default\" data-id=\"16b1019\" data-element_type=\"section\" data-e-type=\"section\">\n\t\t\t\t\t\t<div class=\"elementor-container elementor-column-gap-default\">\n\t\t\t\t\t<div class=\"elementor-column elementor-col-50 elementor-top-column elementor-element elementor-element-980a4e1\" data-id=\"980a4e1\" data-element_type=\"column\" data-e-type=\"column\">\n\t\t\t<div class=\"elementor-widget-wrap elementor-element-populated\">\n\t\t\t\t\t\t<div class=\"elementor-element elementor-element-f4ec46e elementor-widget elementor-widget-text-editor\" data-id=\"f4ec46e\" data-element_type=\"widget\" data-e-type=\"widget\" data-widget_type=\"text-editor.default\">\n\t\t\t\t\t\t\t\t\t<p>Alle Jahre wieder &#8230;\u00a0Seit vielen Jahren geh\u00f6rt unsere \u2028 Weihnachtsaktion f\u00fcr zahlreiche Menschen im \u2028 Vogtland und weit dar\u00fcber hinaus fest zum \u2028 Herbst und zur Vorweihnachtszeit dazu. Der \u2028 achtj\u00e4hrige Krisztofer Ferenc aus Fornos ist \u2028 eines der knapp 6500 Kinder in den \u2028 Unterkarpaten, die sich allein im letzten Jahr \u2028 riesig \u00fcber ihr Weihnachtsgeschenk aus \u2028 Deutschland freuen konnten. Wir staunen immer \u2028 wieder, dass wir Jahr f\u00fcr Jahr solch eine gro\u00dfe \u2028 Kinderzahl beschenken k\u00f6nnen. Ganz \u2028 herzlichen Dank daf\u00fcr!<\/p><p>Zu Weihnachten feiern wir die Geburt Jesu \u2028 Christi. Die Ereignisse von Bethlehem damals \u2028 haben die Welt bis heute grundlegend ver\u00e4ndert. \u2028 Hoffnung, Frieden und Freude wollen unser \u2028 Leben erf\u00fcllen, trotz aller Sorgen und Probleme. \u2028 Die Weihnachtsfreude geht tief ins Herz hinein.\u2028<\/p><p>Die Ukraine ist nach wie vor ein politisch und wirtschaftlich instabiles Land und eine \u2028 grundlegende Verbesserung der \u2028 Lebensverh\u00e4ltnisse f\u00fcr die Menschen nicht in \u2028 Sicht. Eher das Gegenteil ist der Fall. Die Ausgaben im Bildungs- oder Gesundheitswesen sinken immer weiter. So ist es \u00fcblich, vor der Behandlung im Krankenhaus erst eine Einkaufsliste f\u00fcr die Apotheke zu bekommen. Dort hat man z. B. f\u00fcr einen Knochenbruch zuallererst R\u00f6ntgenfilm, Gips und Verbandsmaterial einzukaufen. Im Krankenhaus der Kreisstadt Beregsz\u00e1sz wurde unl\u00e4ngst die TBC-Abteilung geschlossen. Tuberkulosekranke m\u00fcssen nun mit \u00f6ffentlichen Verkehrsmitteln in die rund \u202870 km entfernte Gebietshauptstadt fahren.<\/p><p>Neben der unvergesslichen Freude f\u00fcr die Kinder erfahren auch ihre Familien aus den P\u00e4ckchen neue Hoffnung in ihrem oft trostlosen Alltag.<\/p><p><strong>Deshalb ist es wichtig, die Kinder eine \u201eSternstunde\u201c erleben zu lassen und ihnen eine unvergessliche Freude zu machen.<\/strong><\/p>\t\t\t\t\t\t\t\t<\/div>\n\t\t\t\t\t<\/div>\n\t\t<\/div>\n\t\t\t\t<div class=\"elementor-column elementor-col-50 elementor-top-column elementor-element elementor-element-99f67a6\" data-id=\"99f67a6\" data-element_type=\"column\" data-e-type=\"column\">\n\t\t\t<div class=\"elementor-widget-wrap elementor-element-populated\">\n\t\t\t\t\t\t<div class=\"elementor-element elementor-element-11b7656 elementor-widget elementor-widget-image\" data-id=\"11b7656\" data-element_type=\"widget\" data-e-type=\"widget\" data-widget_type=\"image.default\">\n\t\t\t\t\t\t\t\t\t\t\t\t<figure class=\"wp-caption\">\n\t\t\t\t\t\t\t\t\t\t\t<a href=\"https:\/\/hvu-online.de\/wp-content\/uploads\/2019\/08\/DSCN4626.jpg\" data-elementor-open-lightbox=\"yes\" data-elementor-lightbox-title=\"Kristofer\" data-elementor-lightbox-description=\"Kristofer Ferenc aus Fornos\" data-e-action-hash=\"#elementor-action%3Aaction%3Dlightbox%26settings%3DeyJpZCI6NjQwLCJ1cmwiOiJodHRwczpcL1wvaHZ1LW9ubGluZS5kZVwvd3AtY29udGVudFwvdXBsb2Fkc1wvMjAxOVwvMDhcL0RTQ040NjI2LmpwZyJ9\">\n\t\t\t\t\t\t\t<img fetchpriority=\"high\" decoding=\"async\" width=\"500\" height=\"664\" src=\"https:\/\/hvu-online.de\/wp-content\/uploads\/2019\/08\/DSCN4626.jpg\" class=\"attachment-large size-large wp-image-640\" alt=\"\" srcset=\"https:\/\/hvu-online.de\/wp-content\/uploads\/2019\/08\/DSCN4626.jpg 500w, https:\/\/hvu-online.de\/wp-content\/uploads\/2019\/08\/DSCN4626-226x300.jpg 226w\" sizes=\"(max-width: 500px) 100vw, 500px\" \/>\t\t\t\t\t\t\t\t<\/a>\n\t\t\t\t\t\t\t\t\t\t\t<figcaption class=\"widget-image-caption wp-caption-text\">Kristofer Ferenc aus Fornos<\/figcaption>\n\t\t\t\t\t\t\t\t\t\t<\/figure>\n\t\t\t\t\t\t\t\t\t<\/div>\n\t\t\t\t\t<\/div>\n\t\t<\/div>\n\t\t\t\t\t<\/div>\n\t\t<\/section>\n\t\t\t\t<section class=\"elementor-section elementor-top-section elementor-element elementor-element-9582d9f elementor-section-boxed elementor-section-height-default elementor-section-height-default\" data-id=\"9582d9f\" data-element_type=\"section\" data-e-type=\"section\">\n\t\t\t\t\t\t<div class=\"elementor-container elementor-column-gap-default\">\n\t\t\t\t\t<div class=\"elementor-column elementor-col-100 elementor-top-column elementor-element elementor-element-3213337\" data-id=\"3213337\" data-element_type=\"column\" data-e-type=\"column\">\n\t\t\t<div class=\"elementor-widget-wrap elementor-element-populated\">\n\t\t\t\t\t\t<div class=\"elementor-element elementor-element-bcf7f2c elementor-widget elementor-widget-text-editor\" data-id=\"bcf7f2c\" data-element_type=\"widget\" data-e-type=\"widget\" data-widget_type=\"text-editor.default\">\n\t\t\t\t\t\t\t\t\t<p style=\"text-align: center;\"><strong>Wir bitten Sie auch in diesem Jahr sehr herzlich um Ihre Unterst\u00fctzung f\u00fcr unsere Aktion \u201eWeihnachtsfreude\u201c!<\/strong><\/p>\t\t\t\t\t\t\t\t<\/div>\n\t\t\t\t\t<\/div>\n\t\t<\/div>\n\t\t\t\t\t<\/div>\n\t\t<\/section>\n\t\t\t\t<section class=\"elementor-section elementor-top-section elementor-element elementor-element-7f40f22 elementor-section-boxed elementor-section-height-default elementor-section-height-default\" data-id=\"7f40f22\" data-element_type=\"section\" data-e-type=\"section\">\n\t\t\t\t\t\t<div class=\"elementor-container elementor-column-gap-default\">\n\t\t\t\t\t<div class=\"elementor-column elementor-col-50 elementor-top-column elementor-element elementor-element-f65b9b4\" data-id=\"f65b9b4\" data-element_type=\"column\" data-e-type=\"column\">\n\t\t\t<div class=\"elementor-widget-wrap elementor-element-populated\">\n\t\t\t\t\t\t<div class=\"elementor-element elementor-element-d40bdf4 elementor-widget elementor-widget-text-editor\" data-id=\"d40bdf4\" data-element_type=\"widget\" data-e-type=\"widget\" data-widget_type=\"text-editor.default\">\n\t\t\t\t\t\t\t\t\t<p>Wir sammeln die Spenden und bringen das Geld in die Ukraine. Unsere Partner in den Gemeinden der Reformierten Kirche der Unterkarpaten kaufen die Geschenke. Liebevoll und mit viel Engagement packen sie P\u00e4ckchen f\u00fcr P\u00e4ckchen und verteilen sie an die Kinder.\u2028\u2028<\/p><p><strong>Damit viele Kinderaugen strahlen, brauchen wir Sie, Ihre Verwandten und Bekannten, Ihre Freunde, Nachbarn und Arbeitskollegen.<\/strong><\/p><p>Erz\u00e4hlen Sie von dieser wunderbar einfachen M\u00f6glichkeit, Kindern auf der Schattenseite des Lebens eine gro\u00dfartige Weihnachts\u00fcberraschung zu machen.\u00a0Wir freuen uns \u00fcber jede Idee, mit der sich auch Schulklassen, Kinderg\u00e4rten, Betriebe, Gemeindekreise oder Sportgruppen beteiligen.<\/p><p><strong>Weihnachten f\u00e4ngt im Herzen an und ist nicht abh\u00e4ngig von Besitz. Wir k\u00f6nnen oft mit wenig Geld viel erreichen. Mit nur 5 Euro lassen Sie Kinderaugen leuchten. Machen Sie mit und sagen Sie es weiter!<\/strong><\/p><p style=\"text-align: left;\"><strong>Gemeinsam k\u00f6nnen wir Gro\u00dfes erreichen.<\/strong><\/p>\t\t\t\t\t\t\t\t<\/div>\n\t\t\t\t\t<\/div>\n\t\t<\/div>\n\t\t\t\t<div class=\"elementor-column elementor-col-50 elementor-top-column elementor-element elementor-element-d36c51a\" data-id=\"d36c51a\" data-element_type=\"column\" data-e-type=\"column\">\n\t\t\t<div class=\"elementor-widget-wrap elementor-element-populated\">\n\t\t\t\t\t\t<div class=\"elementor-element elementor-element-e2a9020 elementor-widget elementor-widget-image\" data-id=\"e2a9020\" data-element_type=\"widget\" data-e-type=\"widget\" data-widget_type=\"image.default\">\n\t\t\t\t\t\t\t\t\t\t\t\t<figure class=\"wp-caption\">\n\t\t\t\t\t\t\t\t\t\t\t<a href=\"https:\/\/hvu-online.de\/wp-content\/uploads\/2019\/08\/IMG_1632-B.jpg\" data-elementor-open-lightbox=\"yes\" data-elementor-lightbox-title=\"Hanna und Tibor\" data-elementor-lightbox-description=\"Gl\u00fccklich \u00fcber ihr Geschenk \u2013 die beiden Dreij\u00e4hrigen \u2028 Hanna Balla und Tibor Bal\u00e1zs aus Dercen\" data-e-action-hash=\"#elementor-action%3Aaction%3Dlightbox%26settings%3DeyJpZCI6NjQyLCJ1cmwiOiJodHRwczpcL1wvaHZ1LW9ubGluZS5kZVwvd3AtY29udGVudFwvdXBsb2Fkc1wvMjAxOVwvMDhcL0lNR18xNjMyLUIuanBnIn0%3D\">\n\t\t\t\t\t\t\t<img decoding=\"async\" width=\"800\" height=\"555\" src=\"https:\/\/hvu-online.de\/wp-content\/uploads\/2019\/08\/IMG_1632-B.jpg\" class=\"attachment-large size-large wp-image-642\" alt=\"\" srcset=\"https:\/\/hvu-online.de\/wp-content\/uploads\/2019\/08\/IMG_1632-B.jpg 800w, https:\/\/hvu-online.de\/wp-content\/uploads\/2019\/08\/IMG_1632-B-300x208.jpg 300w, https:\/\/hvu-online.de\/wp-content\/uploads\/2019\/08\/IMG_1632-B-768x533.jpg 768w\" sizes=\"(max-width: 800px) 100vw, 800px\" \/>\t\t\t\t\t\t\t\t<\/a>\n\t\t\t\t\t\t\t\t\t\t\t<figcaption class=\"widget-image-caption wp-caption-text\">Gl\u00fccklich \u00fcber ihr Geschenk \u2013 die beiden Dreij\u00e4hrigen \u2028 Hanna Balla und Tibor Bal\u00e1zs aus Dercen<\/figcaption>\n\t\t\t\t\t\t\t\t\t\t<\/figure>\n\t\t\t\t\t\t\t\t\t<\/div>\n\t\t\t\t\t<\/div>\n\t\t<\/div>\n\t\t\t\t\t<\/div>\n\t\t<\/section>\n\t\t\t\t<section class=\"elementor-section elementor-top-section elementor-element elementor-element-df06449 elementor-section-boxed elementor-section-height-default elementor-section-height-default\" data-id=\"df06449\" data-element_type=\"section\" data-e-type=\"section\">\n\t\t\t\t\t\t<div class=\"elementor-container elementor-column-gap-default\">\n\t\t\t\t\t<div class=\"elementor-column elementor-col-100 elementor-top-column elementor-element elementor-element-effce16\" data-id=\"effce16\" data-element_type=\"column\" data-e-type=\"column\">\n\t\t\t<div class=\"elementor-widget-wrap elementor-element-populated\">\n\t\t\t\t\t\t<div class=\"elementor-element elementor-element-7c15f34 elementor-widget elementor-widget-text-editor\" data-id=\"7c15f34\" data-element_type=\"widget\" data-e-type=\"widget\" data-widget_type=\"text-editor.default\">\n\t\t\t\t\t\t\t\t\t<h2>Unsere 5 Pluspunkte:<\/h2><ul><li>Der Kauf der Geschenke in der Ukraine spart viel Geld f\u00fcr aufwendige Transporte. \u2028 Geld, das den Kindern zugute kommt.<\/li><li>Viele der Geschenke sind dort deutlich billiger. Also mehr Geschenke f\u00fcr das \u2028 gleiche Geld.<\/li><li>Beim P\u00e4ckcheninhalt m\u00fcssen keine Einfuhr- und Zollvorschriften beachtet \u2028 werden.\u2028\u2028<\/li><li>Der Einkauf in der Ukraine unterst\u00fctzt die \u00f6rtlichen Kleinh\u00e4ndler und tr\u00e4gt zum \u2028 Lebensunterhalt ihrer Familien bei. Auch deshalb kaufen wir vor Ort.\u2028\u2028<\/li><li>Wir kennen einen Gro\u00dfteil der Verantwortlichen in den \u00fcber 50 D\u00f6rfern, \u2028 Kinderheimen und Kinderg\u00e4rten pers\u00f6nlich. Und unsere Partner kennen die \u2028 Kinder und wissen, wor\u00fcber sie sich freuen. Sie beteiligen sich sehr gerne an der \u2028 Aktion und erledigen alle anfallenden Aufgaben vor Ort. Dieses \u2028 partnerschaftliche Miteinander ist uns sehr wichtig!<\/li><\/ul>\t\t\t\t\t\t\t\t<\/div>\n\t\t\t\t\t<\/div>\n\t\t<\/div>\n\t\t\t\t\t<\/div>\n\t\t<\/section>\n\t\t\t\t<section class=\"elementor-section elementor-top-section elementor-element elementor-element-439d8a1 elementor-section-boxed elementor-section-height-default elementor-section-height-default\" data-id=\"439d8a1\" data-element_type=\"section\" data-e-type=\"section\">\n\t\t\t\t\t\t<div class=\"elementor-container elementor-column-gap-default\">\n\t\t\t\t\t<div class=\"elementor-column elementor-col-100 elementor-top-column elementor-element elementor-element-e5ae45f\" data-id=\"e5ae45f\" data-element_type=\"column\" data-e-type=\"column\">\n\t\t\t<div class=\"elementor-widget-wrap elementor-element-populated\">\n\t\t\t\t\t\t<div class=\"elementor-element elementor-element-53ac717 elementor-widget elementor-widget-text-editor\" data-id=\"53ac717\" data-element_type=\"widget\" data-e-type=\"widget\" data-widget_type=\"text-editor.default\">\n\t\t\t\t\t\t\t\t\t<h3>\u2028Ihre Spende erbitten wir auf unser Konto bei der Sparkasse Vogtland.<\/h3><p><strong>IBAN: DE57 870 580 00 381 20 10 908<\/strong><br \/><strong>BIC: WELADED1PLX\u2028<br \/><\/strong><strong>Kennwort: WEIHNACHTSFREUDE<\/strong><\/p><p>Auf Anforderung erstellen wir Ihnen eine Zuwendungsbest\u00e4tigung. Bitte vergessen Sie Ihre Adressangabe unter \u201eVerwendungszweck\u201c nicht!<\/p><p style=\"text-align: left;\"><strong>Bitte helfen Sie mit! Wir freuen uns darauf. Danke!<\/strong><\/p>\t\t\t\t\t\t\t\t<\/div>\n\t\t\t\t\t<\/div>\n\t\t<\/div>\n\t\t\t\t\t<\/div>\n\t\t<\/section>\n\t\t\t\t<section class=\"elementor-section elementor-top-section elementor-element elementor-element-adfa440 elementor-section-boxed elementor-section-height-default elementor-section-height-default\" data-id=\"adfa440\" data-element_type=\"section\" data-e-type=\"section\">\n\t\t\t\t\t\t<div class=\"elementor-container elementor-column-gap-default\">\n\t\t\t\t\t<div class=\"elementor-column elementor-col-100 elementor-top-column elementor-element elementor-element-3fd61fe\" data-id=\"3fd61fe\" data-element_type=\"column\" data-e-type=\"column\">\n\t\t\t<div class=\"elementor-widget-wrap elementor-element-populated\">\n\t\t\t\t\t\t<div class=\"elementor-element elementor-element-a0b684a elementor-widget elementor-widget-text-editor\" data-id=\"a0b684a\" data-element_type=\"widget\" data-e-type=\"widget\" data-widget_type=\"text-editor.default\">\n\t\t\t\t\t\t\t\t\t<h2>Wir unterst\u00fctzen diese Aktion &#8211; Machen Sie mit?!<\/h2>\t\t\t\t\t\t\t\t<\/div>\n\t\t\t\t\t<\/div>\n\t\t<\/div>\n\t\t\t\t\t<\/div>\n\t\t<\/section>\n\t\t\t\t<section class=\"elementor-section elementor-top-section elementor-element elementor-element-e8b49e6 elementor-section-boxed elementor-section-height-default elementor-section-height-default\" data-id=\"e8b49e6\" data-element_type=\"section\" data-e-type=\"section\">\n\t\t\t\t\t\t<div class=\"elementor-container elementor-column-gap-default\">\n\t\t\t\t\t<div class=\"elementor-column elementor-col-50 elementor-top-column elementor-element elementor-element-f737319\" data-id=\"f737319\" data-element_type=\"column\" data-e-type=\"column\">\n\t\t\t<div class=\"elementor-widget-wrap elementor-element-populated\">\n\t\t\t\t\t\t<div class=\"elementor-element elementor-element-53732a1 elementor-widget elementor-widget-text-editor\" data-id=\"53732a1\" data-element_type=\"widget\" data-e-type=\"widget\" data-widget_type=\"text-editor.default\">\n\t\t\t\t\t\t\t\t\t<p>\u201eDie Geburt des Christkindes damals im Stall von Bethlehem ist das gr\u00f6\u00dfte Geschenk f\u00fcr die Menschheit. Und deshalb d\u00fcrfen wir frohen Herzens Andere beschenken.<\/p><p>Wirtschaftliche Armut und schlechter werdende Lebensbedingungen gerade f\u00fcr Minderheiten machen es den Menschen in den Unterkarpaten immer schwerer, in ihrer Heimat zu bleiben. Gerade die Kinder leiden am meisten darunter. Ich finde es wunderbar, in die gro\u00dfen und strahlenden Augen eines \u00fcberraschten Kindes zu sehen. Deshalb unterst\u00fctze ich gerne die Aktion \u201eWeihnachtsfreude\u201c f\u00fcr arme Kinder in den Unterkarpaten. Helfen Sie mit, dass sie wenigstens zu Weihnachten mit einem tollen Geschenk \u00fcberrascht werden und unvergessliche Freude erleben. N\u00e4chstenliebe kennt keine Grenzen noch Konfessionen und viele Tropfen k\u00fchlen auch den hei\u00dfesten Stein. \u00a0<\/p><p><strong>Es bittet um Hilfe <\/strong><br \/><strong>Ihr Gunther Emmerlich\u201c\u00a0<\/strong><\/p>\t\t\t\t\t\t\t\t<\/div>\n\t\t\t\t\t<\/div>\n\t\t<\/div>\n\t\t\t\t<div class=\"elementor-column elementor-col-50 elementor-top-column elementor-element elementor-element-ab70392\" data-id=\"ab70392\" data-element_type=\"column\" data-e-type=\"column\">\n\t\t\t<div class=\"elementor-widget-wrap elementor-element-populated\">\n\t\t\t\t\t\t<div class=\"elementor-element elementor-element-216964a elementor-widget elementor-widget-image\" data-id=\"216964a\" data-element_type=\"widget\" data-e-type=\"widget\" data-widget_type=\"image.default\">\n\t\t\t\t\t\t\t\t\t\t\t\t<figure class=\"wp-caption\">\n\t\t\t\t\t\t\t\t\t\t\t<a href=\"https:\/\/hvu-online.de\/wp-content\/uploads\/2019\/08\/emmerich.jpg\" data-elementor-open-lightbox=\"yes\" data-elementor-lightbox-title=\"emmerich\" data-elementor-lightbox-description=\"Gunther Emmerlich, S\u00e4nger und Entertainer\" data-e-action-hash=\"#elementor-action%3Aaction%3Dlightbox%26settings%3DeyJpZCI6NjQxLCJ1cmwiOiJodHRwczpcL1wvaHZ1LW9ubGluZS5kZVwvd3AtY29udGVudFwvdXBsb2Fkc1wvMjAxOVwvMDhcL2VtbWVyaWNoLmpwZyJ9\">\n\t\t\t\t\t\t\t<img decoding=\"async\" width=\"600\" height=\"836\" src=\"https:\/\/hvu-online.de\/wp-content\/uploads\/2019\/08\/emmerich.jpg\" class=\"attachment-large size-large wp-image-641\" alt=\"\" srcset=\"https:\/\/hvu-online.de\/wp-content\/uploads\/2019\/08\/emmerich.jpg 600w, https:\/\/hvu-online.de\/wp-content\/uploads\/2019\/08\/emmerich-215x300.jpg 215w\" sizes=\"(max-width: 600px) 100vw, 600px\" \/>\t\t\t\t\t\t\t\t<\/a>\n\t\t\t\t\t\t\t\t\t\t\t<figcaption class=\"widget-image-caption wp-caption-text\">Gunther Emmerlich, S\u00e4nger und Entertainer<\/figcaption>\n\t\t\t\t\t\t\t\t\t\t<\/figure>\n\t\t\t\t\t\t\t\t\t<\/div>\n\t\t\t\t\t<\/div>\n\t\t<\/div>\n\t\t\t\t\t<\/div>\n\t\t<\/section>\n\t\t\t\t<section class=\"elementor-section elementor-top-section elementor-element elementor-element-e4213f5 elementor-section-boxed elementor-section-height-default elementor-section-height-default\" data-id=\"e4213f5\" data-element_type=\"section\" data-e-type=\"section\">\n\t\t\t\t\t\t<div class=\"elementor-container elementor-column-gap-default\">\n\t\t\t\t\t<div class=\"elementor-column elementor-col-50 elementor-top-column elementor-element elementor-element-f3bc3f3\" data-id=\"f3bc3f3\" data-element_type=\"column\" data-e-type=\"column\">\n\t\t\t<div class=\"elementor-widget-wrap elementor-element-populated\">\n\t\t\t\t\t\t<div class=\"elementor-element elementor-element-66b7da7 elementor-widget elementor-widget-text-editor\" data-id=\"66b7da7\" data-element_type=\"widget\" data-e-type=\"widget\" data-widget_type=\"text-editor.default\">\n\t\t\t\t\t\t\t\t\t<p>\u201e\u00dcberflu\u00df in den Industriel\u00e4ndern einerseits und Armut in Entwicklungsl\u00e4ndern andererseits. Ein Zustand, den wir mit \u2028vergleichsweise geringen Mitteln \u00e4ndern k\u00f6nnen.<\/p><p>Deshalb hilft jede Spende den sozial Schw\u00e4chsten. Helfen Sie bitte mit, die Notlage in den strukturschwachen L\u00e4ndern zu lindern.\u201c<\/p><p><strong>Bj\u00f6rn Kircheisen\u00a0<\/strong>war mehrfacher Medaillengewinner bei Olympischen Spielen und Weltmeisterschaften in der Nordischen Kombination.<\/p>\t\t\t\t\t\t\t\t<\/div>\n\t\t\t\t\t<\/div>\n\t\t<\/div>\n\t\t\t\t<div class=\"elementor-column elementor-col-50 elementor-top-column elementor-element elementor-element-79fb0bd\" data-id=\"79fb0bd\" data-element_type=\"column\" data-e-type=\"column\">\n\t\t\t<div class=\"elementor-widget-wrap elementor-element-populated\">\n\t\t\t\t\t\t<div class=\"elementor-element elementor-element-bfb5ee9 elementor-widget elementor-widget-image\" data-id=\"bfb5ee9\" data-element_type=\"widget\" data-e-type=\"widget\" data-widget_type=\"image.default\">\n\t\t\t\t\t\t\t\t\t\t\t\t<figure class=\"wp-caption\">\n\t\t\t\t\t\t\t\t\t\t\t<a href=\"https:\/\/hvu-online.de\/wp-content\/uploads\/2019\/08\/bjoern.jpg\" data-elementor-open-lightbox=\"yes\" data-elementor-lightbox-title=\"bjoern\" data-elementor-lightbox-description=\"Bj\u00f6rn Kircheisen, Sportler\" data-e-action-hash=\"#elementor-action%3Aaction%3Dlightbox%26settings%3DeyJpZCI6NjM5LCJ1cmwiOiJodHRwczpcL1wvaHZ1LW9ubGluZS5kZVwvd3AtY29udGVudFwvdXBsb2Fkc1wvMjAxOVwvMDhcL2Jqb2Vybi5qcGcifQ%3D%3D\">\n\t\t\t\t\t\t\t<img loading=\"lazy\" decoding=\"async\" width=\"502\" height=\"657\" src=\"https:\/\/hvu-online.de\/wp-content\/uploads\/2019\/08\/bjoern.jpg\" class=\"attachment-large size-large wp-image-639\" alt=\"\" srcset=\"https:\/\/hvu-online.de\/wp-content\/uploads\/2019\/08\/bjoern.jpg 502w, https:\/\/hvu-online.de\/wp-content\/uploads\/2019\/08\/bjoern-229x300.jpg 229w\" sizes=\"(max-width: 502px) 100vw, 502px\" \/>\t\t\t\t\t\t\t\t<\/a>\n\t\t\t\t\t\t\t\t\t\t\t<figcaption class=\"widget-image-caption wp-caption-text\">Bj\u00f6rn Kircheisen, Sportler<\/figcaption>\n\t\t\t\t\t\t\t\t\t\t<\/figure>\n\t\t\t\t\t\t\t\t\t<\/div>\n\t\t\t\t\t<\/div>\n\t\t<\/div>\n\t\t\t\t\t<\/div>\n\t\t<\/section>\n\t\t\t\t<section class=\"elementor-section elementor-top-section elementor-element elementor-element-1e89d13 elementor-section-boxed elementor-section-height-default elementor-section-height-default\" data-id=\"1e89d13\" data-element_type=\"section\" data-e-type=\"section\">\n\t\t\t\t\t\t<div class=\"elementor-container elementor-column-gap-default\">\n\t\t\t\t\t<div class=\"elementor-column elementor-col-100 elementor-top-column elementor-element elementor-element-e31c374\" data-id=\"e31c374\" data-element_type=\"column\" data-e-type=\"column\">\n\t\t\t<div class=\"elementor-widget-wrap elementor-element-populated\">\n\t\t\t\t\t\t<div class=\"elementor-element elementor-element-66801b0 elementor-widget elementor-widget-spacer\" data-id=\"66801b0\" data-element_type=\"widget\" data-e-type=\"widget\" data-widget_type=\"spacer.default\">\n\t\t\t\t\t\t\t<div class=\"elementor-spacer\">\n\t\t\t<div class=\"elementor-spacer-inner\"><\/div>\n\t\t<\/div>\n\t\t\t\t\t\t<\/div>\n\t\t\t\t\t<\/div>\n\t\t<\/div>\n\t\t\t\t\t<\/div>\n\t\t<\/section>\n\t\t\t\t<\/div>\n\t\t","protected":false},"excerpt":{"rendered":"<p>2018 &#8211; Aktion Weihnachtsfreude Alle Jahre wieder &#8230;\u00a0Seit vielen Jahren geh\u00f6rt unsere \u2028 Weihnachtsaktion f\u00fcr zahlreiche Menschen im \u2028 Vogtland und weit dar\u00fcber hinaus fest zum \u2028 Herbst und zur Vorweihnachtszeit dazu. Der \u2028 achtj\u00e4hrige Krisztofer Ferenc aus Fornos ist \u2028 eines der knapp 6500 Kinder in den \u2028 Unterkarpaten, die sich allein im letzten <a href=\"https:\/\/hvu-online.de\/index.php\/2018\/12\/24\/aktion-weihnachtsfreude\/\" class=\"read-more inline\">&#8230; <br \/>mehr lesen<\/a><\/p>\n","protected":false},"author":2,"featured_media":640,"comment_status":"closed","ping_status":"closed","sticky":false,"template":"","format":"standard","meta":{"footnotes":""},"categories":[1],"tags":[],"class_list":["post-637","post","type-post","status-publish","format-standard","has-post-thumbnail","hentry","category-allgemein"],"_links":{"self":[{"href":"https:\/\/hvu-online.de\/index.php\/wp-json\/wp\/v2\/posts\/637","targetHints":{"allow":["GET"]}}],"collection":[{"href":"https:\/\/hvu-online.de\/index.php\/wp-json\/wp\/v2\/posts"}],"about":[{"href":"https:\/\/hvu-online.de\/index.php\/wp-json\/wp\/v2\/types\/post"}],"author":[{"embeddable":true,"href":"https:\/\/hvu-online.de\/index.php\/wp-json\/wp\/v2\/users\/2"}],"replies":[{"embeddable":true,"href":"https:\/\/hvu-online.de\/index.php\/wp-json\/wp\/v2\/comments?post=637"}],"version-history":[{"count":8,"href":"https:\/\/hvu-online.de\/index.php\/wp-json\/wp\/v2\/posts\/637\/revisions"}],"predecessor-version":[{"id":1165,"href":"https:\/\/hvu-online.de\/index.php\/wp-json\/wp\/v2\/posts\/637\/revisions\/1165"}],"wp:featuredmedia":[{"embeddable":true,"href":"https:\/\/hvu-online.de\/index.php\/wp-json\/wp\/v2\/media\/640"}],"wp:attachment":[{"href":"https:\/\/hvu-online.de\/index.php\/wp-json\/wp\/v2\/media?parent=637"}],"wp:term":[{"taxonomy":"category","embeddable":true,"href":"https:\/\/hvu-online.de\/index.php\/wp-json\/wp\/v2\/categories?post=637"},{"taxonomy":"post_tag","embeddable":true,"href":"https:\/\/hvu-online.de\/index.php\/wp-json\/wp\/v2\/tags?post=637"}],"curies":[{"name":"wp","href":"https:\/\/api.w.org\/{rel}","templated":true}]}}