{"id":1718,"date":"2022-01-12T08:44:06","date_gmt":"2022-01-12T07:44:06","guid":{"rendered":"https:\/\/hvu-online.de\/?p=1718"},"modified":"2022-01-26T09:24:42","modified_gmt":"2022-01-26T08:24:42","slug":"2021-jahresbericht","status":"publish","type":"post","link":"https:\/\/hvu-online.de\/index.php\/2022\/01\/12\/2021-jahresbericht\/","title":{"rendered":"2021 &#8211; Jahresbericht"},"content":{"rendered":"\t\t<div data-elementor-type=\"wp-post\" data-elementor-id=\"1718\" class=\"elementor elementor-1718\" data-elementor-post-type=\"post\">\n\t\t\t\t\t\t<section class=\"elementor-section elementor-top-section elementor-element elementor-element-2d77ee5 elementor-section-boxed elementor-section-height-default elementor-section-height-default\" data-id=\"2d77ee5\" data-element_type=\"section\" data-e-type=\"section\">\n\t\t\t\t\t\t<div class=\"elementor-container elementor-column-gap-default\">\n\t\t\t\t\t<div class=\"elementor-column elementor-col-100 elementor-top-column elementor-element elementor-element-ae7efff\" data-id=\"ae7efff\" data-element_type=\"column\" data-e-type=\"column\">\n\t\t\t<div class=\"elementor-widget-wrap elementor-element-populated\">\n\t\t\t\t\t\t<div class=\"elementor-element elementor-element-0e1b40a elementor-widget elementor-widget-heading\" data-id=\"0e1b40a\" data-element_type=\"widget\" data-e-type=\"widget\" data-widget_type=\"heading.default\">\n\t\t\t\t\t<h2 class=\"elementor-heading-title elementor-size-default\">  2021 - Jahresbericht<\/h2>\t\t\t\t<\/div>\n\t\t\t\t\t<\/div>\n\t\t<\/div>\n\t\t\t\t\t<\/div>\n\t\t<\/section>\n\t\t\t\t<section class=\"elementor-section elementor-top-section elementor-element elementor-element-30a962b elementor-section-boxed elementor-section-height-default elementor-section-height-default\" data-id=\"30a962b\" data-element_type=\"section\" data-e-type=\"section\">\n\t\t\t\t\t\t<div class=\"elementor-container elementor-column-gap-default\">\n\t\t\t\t\t<div class=\"elementor-column elementor-col-50 elementor-top-column elementor-element elementor-element-85b98f2\" data-id=\"85b98f2\" data-element_type=\"column\" data-e-type=\"column\">\n\t\t\t<div class=\"elementor-widget-wrap elementor-element-populated\">\n\t\t\t\t\t\t<div class=\"elementor-element elementor-element-374a794 elementor-widget elementor-widget-text-editor\" data-id=\"374a794\" data-element_type=\"widget\" data-e-type=\"widget\" data-widget_type=\"text-editor.default\">\n\t\t\t\t\t\t\t\t\t<p>\u201eThe same procedure as last year\u201c, also \u201edie gleiche Prozedur wie im letzten Jahr\u201c. Corona \u2013 und kein Ende?! Die Pandemie l\u00e4hmt unsere Arbeit nach wie vor. Alle Planungen und Vorbereitungen m\u00fcssen zwei-, ja mitunter auch dreimal durchgef\u00fchrt und dann wieder verworfen werden, weil die verordneten Einschr\u00e4nkungen sich mitunter t\u00e4glich \u00e4ndern. Und das nicht nur hier!<\/p><p><strong>Wie ist nun die Situation in den Unterkarpaten?<\/strong><\/p><p>Nachdem die Unterkarpaten lange Zeit zu den Kreisen mit der niedrigsten Corona-Warnstufe in der gesamten Ukraine geh\u00f6rten, wurde das Gebiet Mitte November in die \u201eorange\u201c Zone hochgestuft. Nahezu zeitgleich mussten Kinderg\u00e4rten und Schulen wieder schlie\u00dfen. \u00d6ffentliche Verkehrsmittel d\u00fcrfen nur Geimpfte benutzen. In den Gottesdiensten gilt Maskenpflicht und Abstand halten. Am 27. November wurde das Gebiet in die \u201egelbe Zone\u201c zur\u00fcckgestuft. Das ist in der Ukraine von verschiedenen Faktoren abh\u00e4ngig, also nicht allein von der Anzahl der Neuinfektionen. Ob damit auch gewisse Lockerungen einhergehen, ist aktuell nicht bekannt.<\/p>\t\t\t\t\t\t\t\t<\/div>\n\t\t\t\t\t<\/div>\n\t\t<\/div>\n\t\t\t\t<div class=\"elementor-column elementor-col-50 elementor-top-column elementor-element elementor-element-ebacafb\" data-id=\"ebacafb\" data-element_type=\"column\" data-e-type=\"column\">\n\t\t\t<div class=\"elementor-widget-wrap elementor-element-populated\">\n\t\t\t\t\t\t<div class=\"elementor-element elementor-element-2d3a535 elementor-widget elementor-widget-text-editor\" data-id=\"2d3a535\" data-element_type=\"widget\" data-e-type=\"widget\" data-widget_type=\"text-editor.default\">\n\t\t\t\t\t\t\t\t\t<p>Nachdem 2018 in Deutschland mit gro\u00dfem Trara die Richtlinien f\u00fcr den Datenschutz versch\u00e4rft wurden, ist es heute hier wie auch in den Unterkarpaten gang und g\u00e4be, dass \u00fcber die Coronaerkrankungen von mehr oder weniger bekannten Pers\u00f6nlichkeiten in der \u00d6ffentlichkeit berichtet wird.<\/p>\n<p>Wie ich bereits zu Beginn der Pandemie geschrieben habe, st\u00fcrzt die Krise die Menschen in den Unterkarpaten wieder tiefer in die Armut. Verheerende Auswirkungen haben die enormen Preissteigerungen in allen Bereichen. Gas, Strom, Treibstoff oder Lebensmittel kosten zwischen 50 und 100 % mehr. Allein die B\u00e4ckerei im Diakoniezentrum der Reformierten Kirche, die Brot f\u00fcr Einrichtungen wie Schulen, Kinderg\u00e4rten oder Armenk\u00fcchen b\u00e4ckt, hat eine viermal so hohe Gasrechnung wie vorher.<\/p>\t\t\t\t\t\t\t\t<\/div>\n\t\t\t\t\t<\/div>\n\t\t<\/div>\n\t\t\t\t\t<\/div>\n\t\t<\/section>\n\t\t\t\t<section class=\"elementor-section elementor-top-section elementor-element elementor-element-9706925 elementor-section-boxed elementor-section-height-default elementor-section-height-default\" data-id=\"9706925\" data-element_type=\"section\" data-e-type=\"section\">\n\t\t\t\t\t\t<div class=\"elementor-container elementor-column-gap-default\">\n\t\t\t\t\t<div class=\"elementor-column elementor-col-50 elementor-top-column elementor-element elementor-element-76c3223\" data-id=\"76c3223\" data-element_type=\"column\" data-e-type=\"column\">\n\t\t\t<div class=\"elementor-widget-wrap elementor-element-populated\">\n\t\t\t\t\t\t<div class=\"elementor-element elementor-element-6c9cf69 elementor-widget elementor-widget-image\" data-id=\"6c9cf69\" data-element_type=\"widget\" data-e-type=\"widget\" data-widget_type=\"image.default\">\n\t\t\t\t\t\t\t\t\t\t\t\t<figure class=\"wp-caption\">\n\t\t\t\t\t\t\t\t\t\t\t<a href=\"https:\/\/hvu-online.de\/wp-content\/uploads\/2022\/01\/Baeckerei-im-Diakoniezentrum.jpeg\" data-elementor-open-lightbox=\"yes\" data-elementor-lightbox-title=\"B\u00e4ckerei im Diakoniezentrum\" data-e-action-hash=\"#elementor-action%3Aaction%3Dlightbox%26settings%3DeyJpZCI6MTg4MCwidXJsIjoiaHR0cHM6XC9cL2h2dS1vbmxpbmUuZGVcL3dwLWNvbnRlbnRcL3VwbG9hZHNcLzIwMjJcLzAxXC9CYWVja2VyZWktaW0tRGlha29uaWV6ZW50cnVtLmpwZWcifQ%3D%3D\">\n\t\t\t\t\t\t\t<img fetchpriority=\"high\" decoding=\"async\" width=\"1024\" height=\"803\" src=\"https:\/\/hvu-online.de\/wp-content\/uploads\/2022\/01\/Baeckerei-im-Diakoniezentrum-1024x803.jpeg\" class=\"attachment-large size-large wp-image-1880\" alt=\"\" srcset=\"https:\/\/hvu-online.de\/wp-content\/uploads\/2022\/01\/Baeckerei-im-Diakoniezentrum-1024x803.jpeg 1024w, https:\/\/hvu-online.de\/wp-content\/uploads\/2022\/01\/Baeckerei-im-Diakoniezentrum-300x235.jpeg 300w, https:\/\/hvu-online.de\/wp-content\/uploads\/2022\/01\/Baeckerei-im-Diakoniezentrum-768x602.jpeg 768w, https:\/\/hvu-online.de\/wp-content\/uploads\/2022\/01\/Baeckerei-im-Diakoniezentrum.jpeg 1226w\" sizes=\"(max-width: 1024px) 100vw, 1024px\" \/>\t\t\t\t\t\t\t\t<\/a>\n\t\t\t\t\t\t\t\t\t\t\t<figcaption class=\"widget-image-caption wp-caption-text\">B\u00e4ckerei im Diakoniezentrum<\/figcaption>\n\t\t\t\t\t\t\t\t\t\t<\/figure>\n\t\t\t\t\t\t\t\t\t<\/div>\n\t\t\t\t\t<\/div>\n\t\t<\/div>\n\t\t\t\t<div class=\"elementor-column elementor-col-50 elementor-top-column elementor-element elementor-element-c176acb\" data-id=\"c176acb\" data-element_type=\"column\" data-e-type=\"column\">\n\t\t\t<div class=\"elementor-widget-wrap elementor-element-populated\">\n\t\t\t\t\t\t<div class=\"elementor-element elementor-element-dc864b0 elementor-widget elementor-widget-image\" data-id=\"dc864b0\" data-element_type=\"widget\" data-e-type=\"widget\" data-widget_type=\"image.default\">\n\t\t\t\t\t\t\t\t\t\t\t\t<figure class=\"wp-caption\">\n\t\t\t\t\t\t\t\t\t\t\t<a href=\"https:\/\/hvu-online.de\/wp-content\/uploads\/2022\/01\/Leiter-des-Diakoniezentrums-Bela-Nagy-l.-und-HVU-Geschaeftsfuehrer-Christian-Ehrler_geaendert.jpg\" data-elementor-open-lightbox=\"yes\" data-elementor-lightbox-title=\"Leiter des Diakoniezentrums B\u00e9la Nagy (l.) und HVU-Gesch\u00e4ftsf\u00fchrer Christian Ehrler\" data-e-action-hash=\"#elementor-action%3Aaction%3Dlightbox%26settings%3DeyJpZCI6MTgyMSwidXJsIjoiaHR0cHM6XC9cL2h2dS1vbmxpbmUuZGVcL3dwLWNvbnRlbnRcL3VwbG9hZHNcLzIwMjJcLzAxXC9MZWl0ZXItZGVzLURpYWtvbmllemVudHJ1bXMtQmVsYS1OYWd5LWwuLXVuZC1IVlUtR2VzY2hhZWZ0c2Z1ZWhyZXItQ2hyaXN0aWFuLUVocmxlcl9nZWFlbmRlcnQuanBnIn0%3D\">\n\t\t\t\t\t\t\t<img decoding=\"async\" width=\"1000\" height=\"829\" src=\"https:\/\/hvu-online.de\/wp-content\/uploads\/2022\/01\/Leiter-des-Diakoniezentrums-Bela-Nagy-l.-und-HVU-Geschaeftsfuehrer-Christian-Ehrler_geaendert.jpg\" class=\"attachment-large size-large wp-image-1821\" alt=\"\" srcset=\"https:\/\/hvu-online.de\/wp-content\/uploads\/2022\/01\/Leiter-des-Diakoniezentrums-Bela-Nagy-l.-und-HVU-Geschaeftsfuehrer-Christian-Ehrler_geaendert.jpg 1000w, https:\/\/hvu-online.de\/wp-content\/uploads\/2022\/01\/Leiter-des-Diakoniezentrums-Bela-Nagy-l.-und-HVU-Geschaeftsfuehrer-Christian-Ehrler_geaendert-300x249.jpg 300w, https:\/\/hvu-online.de\/wp-content\/uploads\/2022\/01\/Leiter-des-Diakoniezentrums-Bela-Nagy-l.-und-HVU-Geschaeftsfuehrer-Christian-Ehrler_geaendert-768x637.jpg 768w\" sizes=\"(max-width: 1000px) 100vw, 1000px\" \/>\t\t\t\t\t\t\t\t<\/a>\n\t\t\t\t\t\t\t\t\t\t\t<figcaption class=\"widget-image-caption wp-caption-text\">Leiter des Diakoniezentrums B\u00e9la Nagy (l.) und HVU-Gesch\u00e4ftsf\u00fchrer Christian Ehrler<\/figcaption>\n\t\t\t\t\t\t\t\t\t\t<\/figure>\n\t\t\t\t\t\t\t\t\t<\/div>\n\t\t\t\t\t<\/div>\n\t\t<\/div>\n\t\t\t\t\t<\/div>\n\t\t<\/section>\n\t\t\t\t<section class=\"elementor-section elementor-top-section elementor-element elementor-element-db7c080 elementor-section-boxed elementor-section-height-default elementor-section-height-default\" data-id=\"db7c080\" data-element_type=\"section\" data-e-type=\"section\">\n\t\t\t\t\t\t<div class=\"elementor-container elementor-column-gap-default\">\n\t\t\t\t\t<div class=\"elementor-column elementor-col-50 elementor-top-column elementor-element elementor-element-40962f1\" data-id=\"40962f1\" data-element_type=\"column\" data-e-type=\"column\">\n\t\t\t<div class=\"elementor-widget-wrap elementor-element-populated\">\n\t\t\t\t\t\t<div class=\"elementor-element elementor-element-698c85f elementor-widget elementor-widget-text-editor\" data-id=\"698c85f\" data-element_type=\"widget\" data-e-type=\"widget\" data-widget_type=\"text-editor.default\">\n\t\t\t\t\t\t\t\t\t<p>Politik ist f\u00fcr die einfachen Menschen uninteressant. Essen, Heizung, Geld, Arbeit sind ihre allt\u00e4glichen Probleme. So ist Holz beispielsweise nicht nur viel teurer geworden, sondern auch schlechter zu bekommen. Da steht ein harter Winter bevor. Besonders \u00e4ltere Menschen werden mit ihrer geringen Rente oftmals nur einen Raum ihres Zuhauses notd\u00fcrftig beheizen k\u00f6nnen.<\/p>\t\t\t\t\t\t\t\t<\/div>\n\t\t\t\t\t<\/div>\n\t\t<\/div>\n\t\t\t\t<div class=\"elementor-column elementor-col-50 elementor-top-column elementor-element elementor-element-fdf9d1e\" data-id=\"fdf9d1e\" data-element_type=\"column\" data-e-type=\"column\">\n\t\t\t<div class=\"elementor-widget-wrap elementor-element-populated\">\n\t\t\t\t\t\t<div class=\"elementor-element elementor-element-be3b52d elementor-widget elementor-widget-heading\" data-id=\"be3b52d\" data-element_type=\"widget\" data-e-type=\"widget\" data-widget_type=\"heading.default\">\n\t\t\t\t\t<h2 class=\"elementor-heading-title elementor-size-default\">Hilfstransporte<\/h2>\t\t\t\t<\/div>\n\t\t\t\t<div class=\"elementor-element elementor-element-5be3ffb elementor-widget elementor-widget-text-editor\" data-id=\"5be3ffb\" data-element_type=\"widget\" data-e-type=\"widget\" data-widget_type=\"text-editor.default\">\n\t\t\t\t\t\t\t\t\t<p>Trotz aller Schwierigkeiten konnten wir in diesem Jahr wiederum vier Hilfstransporte mit Fahrr\u00e4dern, Erwachsenen-Windeln und Feuerwehrausr\u00fcstung in die Unterkarpaten schicken.<\/p>\t\t\t\t\t\t\t\t<\/div>\n\t\t\t\t\t<\/div>\n\t\t<\/div>\n\t\t\t\t\t<\/div>\n\t\t<\/section>\n\t\t\t\t<section class=\"elementor-section elementor-top-section elementor-element elementor-element-19a90b6 elementor-section-boxed elementor-section-height-default elementor-section-height-default\" data-id=\"19a90b6\" data-element_type=\"section\" data-e-type=\"section\">\n\t\t\t\t\t\t<div class=\"elementor-container elementor-column-gap-default\">\n\t\t\t\t\t<div class=\"elementor-column elementor-col-100 elementor-top-column elementor-element elementor-element-71e0129\" data-id=\"71e0129\" data-element_type=\"column\" data-e-type=\"column\">\n\t\t\t<div class=\"elementor-widget-wrap elementor-element-populated\">\n\t\t\t\t\t\t<div class=\"elementor-element elementor-element-2a8edd6 elementor-widget elementor-widget-heading\" data-id=\"2a8edd6\" data-element_type=\"widget\" data-e-type=\"widget\" data-widget_type=\"heading.default\">\n\t\t\t\t\t<h2 class=\"elementor-heading-title elementor-size-default\">Weihnachts&shy;p\u00e4ckchenaktion<\/h2>\t\t\t\t<\/div>\n\t\t\t\t\t<\/div>\n\t\t<\/div>\n\t\t\t\t\t<\/div>\n\t\t<\/section>\n\t\t\t\t<section class=\"elementor-section elementor-top-section elementor-element elementor-element-7e73fc6 elementor-section-boxed elementor-section-height-default elementor-section-height-default\" data-id=\"7e73fc6\" data-element_type=\"section\" data-e-type=\"section\">\n\t\t\t\t\t\t<div class=\"elementor-container elementor-column-gap-default\">\n\t\t\t\t\t<div class=\"elementor-column elementor-col-50 elementor-top-column elementor-element elementor-element-ada90e0\" data-id=\"ada90e0\" data-element_type=\"column\" data-e-type=\"column\">\n\t\t\t<div class=\"elementor-widget-wrap elementor-element-populated\">\n\t\t\t\t\t\t<div class=\"elementor-element elementor-element-3a5db46 elementor-widget elementor-widget-text-editor\" data-id=\"3a5db46\" data-element_type=\"widget\" data-e-type=\"widget\" data-widget_type=\"text-editor.default\">\n\t\t\t\t\t\t\t\t\t<p>Wir freuen uns und sind sehr dankbar \u00fcber die nach wie vor gro\u00dfartige Resonanz und Unterst\u00fctzung unserer Aktion \u201eWeihnachtsfreude\u201c. So konnten wir trotz oder vielleicht gerade wegen Corona im letzten Jahr \u00fcber 8000 Jungen und M\u00e4dchen beschenken.<\/p><p>Auch in diesem Jahr warten die Kinder schon gespannt auf das meist einzige Geschenk, dass sie erhalten. Es ist eine Freude, die Gl\u00fccksmomente zu erleben, wenn sie ihr P\u00e4ckchen in H\u00e4nden halten und ihre Augen leuchten.<\/p>\t\t\t\t\t\t\t\t<\/div>\n\t\t\t\t\t<\/div>\n\t\t<\/div>\n\t\t\t\t<div class=\"elementor-column elementor-col-50 elementor-top-column elementor-element elementor-element-7fef285\" data-id=\"7fef285\" data-element_type=\"column\" data-e-type=\"column\">\n\t\t\t<div class=\"elementor-widget-wrap elementor-element-populated\">\n\t\t\t\t\t\t<div class=\"elementor-element elementor-element-7ce230f elementor-widget elementor-widget-text-editor\" data-id=\"7ce230f\" data-element_type=\"widget\" data-e-type=\"widget\" data-widget_type=\"text-editor.default\">\n\t\t\t\t\t\t\t\t\t<p>Durch die andauernde Abwanderung ganzer Familien nach Westeuropa nimmt auch die Kinderzahl ab. Deshalb haben wir auch heuer wieder neue Orte und Kinderg\u00e4rten in die Aktion einbezogen.<br \/>Jetzt sind wir gespannt.<\/p><p><strong>Jetzt sind wir gespannt, welch eine gro\u00dfe Spendensumme f\u00fcr die Aktion \u201eWeihnachtsfreude\u201c in diesem Jahr zusammenkommt. Schon jetzt ein herzliches Dankesch\u00f6n an alle Spender und Beter!<\/strong><\/p>\t\t\t\t\t\t\t\t<\/div>\n\t\t\t\t\t<\/div>\n\t\t<\/div>\n\t\t\t\t\t<\/div>\n\t\t<\/section>\n\t\t\t\t<section class=\"elementor-section elementor-top-section elementor-element elementor-element-7b5a396 elementor-section-boxed elementor-section-height-default elementor-section-height-default\" data-id=\"7b5a396\" data-element_type=\"section\" data-e-type=\"section\">\n\t\t\t\t\t\t<div class=\"elementor-container elementor-column-gap-default\">\n\t\t\t\t\t<div class=\"elementor-column elementor-col-100 elementor-top-column elementor-element elementor-element-b1f419b\" data-id=\"b1f419b\" data-element_type=\"column\" data-e-type=\"column\">\n\t\t\t<div class=\"elementor-widget-wrap elementor-element-populated\">\n\t\t\t\t\t\t<div class=\"elementor-element elementor-element-5be1f09 elementor-skin-carousel elementor-widget elementor-widget-media-carousel\" data-id=\"5be1f09\" data-element_type=\"widget\" data-e-type=\"widget\" data-settings=\"{&quot;skin&quot;:&quot;carousel&quot;,&quot;effect&quot;:&quot;slide&quot;,&quot;speed&quot;:500,&quot;autoplay&quot;:&quot;yes&quot;,&quot;autoplay_speed&quot;:5000,&quot;loop&quot;:&quot;yes&quot;,&quot;pause_on_hover&quot;:&quot;yes&quot;,&quot;pause_on_interaction&quot;:&quot;yes&quot;,&quot;space_between&quot;:{&quot;unit&quot;:&quot;px&quot;,&quot;size&quot;:10,&quot;sizes&quot;:[]},&quot;space_between_tablet&quot;:{&quot;unit&quot;:&quot;px&quot;,&quot;size&quot;:10,&quot;sizes&quot;:[]},&quot;space_between_mobile&quot;:{&quot;unit&quot;:&quot;px&quot;,&quot;size&quot;:10,&quot;sizes&quot;:[]}}\" data-widget_type=\"media-carousel.default\">\n\t\t\t\t\t\t\t\t\t\t<div class=\"elementor-main-swiper swiper\" role=\"region\" aria-roledescription=\"carousel\" aria-label=\"Slider\">\n\t\t\t\t<div class=\"swiper-wrapper\">\n\t\t\t\t\t\t\t\t\t\t\t<div class=\"swiper-slide\" role=\"group\" aria-roledescription=\"slide\">\n\t\t\t\t\t\t\t<a href=\"https:\/\/hvu-online.de\/wp-content\/uploads\/2022\/01\/Kinder-in-Beregszasz.jpeg\" data-elementor-open-lightbox=\"yes\" data-elementor-lightbox-slideshow=\"5be1f09\" data-elementor-lightbox-title=\"Kinder in Beregsz\u00e1sz\" data-e-action-hash=\"#elementor-action%3Aaction%3Dlightbox%26settings%3DeyJpZCI6MTc0MCwidXJsIjoiaHR0cHM6XC9cL2h2dS1vbmxpbmUuZGVcL3dwLWNvbnRlbnRcL3VwbG9hZHNcLzIwMjJcLzAxXC9LaW5kZXItaW4tQmVyZWdzemFzei5qcGVnIiwic2xpZGVzaG93IjoiNWJlMWYwOSJ9\">\t\t<div class=\"elementor-carousel-image\" role=\"img\" aria-label=\"Kinder in Beregsz\u00e1sz\" style=\"background-image: url(&#039;https:\/\/hvu-online.de\/wp-content\/uploads\/2022\/01\/Kinder-in-Beregszasz.jpeg&#039;)\">\n\n\t\t\t\n\t\t\t\t\t<\/div>\n\t\t\t\t\t<div class=\"elementor-carousel-image-overlay e-overlay-animation-fade\">\n\t\t\t\tKinder in Beregsz\u00e1sz\t\t\t<\/div>\n\t\t\t<\/a>\t\t\t\t\t\t<\/div>\n\t\t\t\t\t\t\t\t\t\t\t<div class=\"swiper-slide\" role=\"group\" aria-roledescription=\"slide\">\n\t\t\t\t\t\t\t<a href=\"https:\/\/hvu-online.de\/wp-content\/uploads\/2022\/01\/Kinderheim-Misztice.jpeg\" data-elementor-open-lightbox=\"yes\" data-elementor-lightbox-slideshow=\"5be1f09\" data-elementor-lightbox-title=\"Kinderheim Misztice\" data-e-action-hash=\"#elementor-action%3Aaction%3Dlightbox%26settings%3DeyJpZCI6MTc0MSwidXJsIjoiaHR0cHM6XC9cL2h2dS1vbmxpbmUuZGVcL3dwLWNvbnRlbnRcL3VwbG9hZHNcLzIwMjJcLzAxXC9LaW5kZXJoZWltLU1pc3p0aWNlLmpwZWciLCJzbGlkZXNob3ciOiI1YmUxZjA5In0%3D\">\t\t<div class=\"elementor-carousel-image\" role=\"img\" aria-label=\"Kinderheim Misztice\" style=\"background-image: url(&#039;https:\/\/hvu-online.de\/wp-content\/uploads\/2022\/01\/Kinderheim-Misztice.jpeg&#039;)\">\n\n\t\t\t\n\t\t\t\t\t<\/div>\n\t\t\t\t\t<div class=\"elementor-carousel-image-overlay e-overlay-animation-fade\">\n\t\t\t\tKinderheim Misztice\t\t\t<\/div>\n\t\t\t<\/a>\t\t\t\t\t\t<\/div>\n\t\t\t\t\t\t\t\t\t\t\t<div class=\"swiper-slide\" role=\"group\" aria-roledescription=\"slide\">\n\t\t\t\t\t\t\t<a href=\"https:\/\/hvu-online.de\/wp-content\/uploads\/2022\/01\/Beladung-der-Weihnachtspaeckchen-in-Bene-geaendert.jpg\" data-elementor-open-lightbox=\"yes\" data-elementor-lightbox-slideshow=\"5be1f09\" data-elementor-lightbox-title=\"Beladung der Weihnachtspa\u0308ckchen in Bene\" data-e-action-hash=\"#elementor-action%3Aaction%3Dlightbox%26settings%3DeyJpZCI6MTc0NiwidXJsIjoiaHR0cHM6XC9cL2h2dS1vbmxpbmUuZGVcL3dwLWNvbnRlbnRcL3VwbG9hZHNcLzIwMjJcLzAxXC9CZWxhZHVuZy1kZXItV2VpaG5hY2h0c3BhZWNrY2hlbi1pbi1CZW5lLWdlYWVuZGVydC5qcGciLCJzbGlkZXNob3ciOiI1YmUxZjA5In0%3D\">\t\t<div class=\"elementor-carousel-image\" role=\"img\" aria-label=\"Beladung der Weihnachtspa\u0308ckchen in Bene\" style=\"background-image: url(&#039;https:\/\/hvu-online.de\/wp-content\/uploads\/2022\/01\/Beladung-der-Weihnachtspaeckchen-in-Bene-geaendert.jpg&#039;)\">\n\n\t\t\t\n\t\t\t\t\t<\/div>\n\t\t\t\t\t<div class=\"elementor-carousel-image-overlay e-overlay-animation-fade\">\n\t\t\t\tBeladung der Weihnachtspa\u0308ckchen in Bene\t\t\t<\/div>\n\t\t\t<\/a>\t\t\t\t\t\t<\/div>\n\t\t\t\t\t\t\t\t\t<\/div>\n\t\t\t\t\t\t\t\t\t\t\t\t\t\t\t\t\t\t\t\t\t<\/div>\n\t\t\t\t\t\t\t\t<\/div>\n\t\t\t\t\t<\/div>\n\t\t<\/div>\n\t\t\t\t\t<\/div>\n\t\t<\/section>\n\t\t\t\t<section class=\"elementor-section elementor-top-section elementor-element elementor-element-91762d1 elementor-section-boxed elementor-section-height-default elementor-section-height-default\" data-id=\"91762d1\" data-element_type=\"section\" data-e-type=\"section\">\n\t\t\t\t\t\t<div class=\"elementor-container elementor-column-gap-default\">\n\t\t\t\t\t<div class=\"elementor-column elementor-col-100 elementor-top-column elementor-element elementor-element-9edb87e\" data-id=\"9edb87e\" data-element_type=\"column\" data-e-type=\"column\">\n\t\t\t<div class=\"elementor-widget-wrap elementor-element-populated\">\n\t\t\t\t\t\t<div class=\"elementor-element elementor-element-84e245d elementor-widget elementor-widget-spacer\" data-id=\"84e245d\" data-element_type=\"widget\" data-e-type=\"widget\" data-widget_type=\"spacer.default\">\n\t\t\t\t\t\t\t<div class=\"elementor-spacer\">\n\t\t\t<div class=\"elementor-spacer-inner\"><\/div>\n\t\t<\/div>\n\t\t\t\t\t\t<\/div>\n\t\t\t\t\t<\/div>\n\t\t<\/div>\n\t\t\t\t\t<\/div>\n\t\t<\/section>\n\t\t\t\t<section class=\"elementor-section elementor-top-section elementor-element elementor-element-a7cd150 elementor-section-boxed elementor-section-height-default elementor-section-height-default\" data-id=\"a7cd150\" data-element_type=\"section\" data-e-type=\"section\">\n\t\t\t\t\t\t<div class=\"elementor-container elementor-column-gap-default\">\n\t\t\t\t\t<div class=\"elementor-column elementor-col-100 elementor-top-column elementor-element elementor-element-421ef0d\" data-id=\"421ef0d\" data-element_type=\"column\" data-e-type=\"column\">\n\t\t\t<div class=\"elementor-widget-wrap elementor-element-populated\">\n\t\t\t\t\t\t<div class=\"elementor-element elementor-element-03c51c2 elementor-widget elementor-widget-heading\" data-id=\"03c51c2\" data-element_type=\"widget\" data-e-type=\"widget\" data-widget_type=\"heading.default\">\n\t\t\t\t\t<h2 class=\"elementor-heading-title elementor-size-default\">Projekte und Unterst\u00fctzungen<\/h2>\t\t\t\t<\/div>\n\t\t\t\t\t<\/div>\n\t\t<\/div>\n\t\t\t\t\t<\/div>\n\t\t<\/section>\n\t\t\t\t<section class=\"elementor-section elementor-top-section elementor-element elementor-element-c5064bc elementor-section-boxed elementor-section-height-default elementor-section-height-default\" data-id=\"c5064bc\" data-element_type=\"section\" data-e-type=\"section\">\n\t\t\t\t\t\t<div class=\"elementor-container elementor-column-gap-default\">\n\t\t\t\t\t<div class=\"elementor-column elementor-col-50 elementor-top-column elementor-element elementor-element-2c2bc24\" data-id=\"2c2bc24\" data-element_type=\"column\" data-e-type=\"column\">\n\t\t\t<div class=\"elementor-widget-wrap elementor-element-populated\">\n\t\t\t\t\t\t<div class=\"elementor-element elementor-element-4e5ff28 elementor-widget elementor-widget-text-editor\" data-id=\"4e5ff28\" data-element_type=\"widget\" data-e-type=\"widget\" data-widget_type=\"text-editor.default\">\n\t\t\t\t\t\t\t\t\t<p>Das sogenannte \u201eKrisenhaus\u201c steht vor seiner Fertigstellung. Die Bauarbeiten sind nahezu abgeschlossen, Heizung und Stromversorgung funktionieren und der Hof ist nun keine Schlammw\u00fcste mehr. Aktuell muss noch ein Tor angefertigt werden.<br \/>Auch die Kleiderkammer ist in Betrieb. Ende August haben die Frauen aus dem kirchlichen Frauenkreis f\u00fcr 28 Kinder ein Kleidungspaket fertig gemacht. Im Moment wird gepr\u00fcft, ob dies auch mit Winterkleidung m\u00f6glich ist.<\/p>\t\t\t\t\t\t\t\t<\/div>\n\t\t\t\t\t<\/div>\n\t\t<\/div>\n\t\t\t\t<div class=\"elementor-column elementor-col-50 elementor-top-column elementor-element elementor-element-90a5f82\" data-id=\"90a5f82\" data-element_type=\"column\" data-e-type=\"column\">\n\t\t\t<div class=\"elementor-widget-wrap elementor-element-populated\">\n\t\t\t\t\t\t<div class=\"elementor-element elementor-element-3460c84 elementor-widget elementor-widget-text-editor\" data-id=\"3460c84\" data-element_type=\"widget\" data-e-type=\"widget\" data-widget_type=\"text-editor.default\">\n\t\t\t\t\t\t\t\t\t<p>Auf demselben Gel\u00e4nde befindet sich ein weiteres Geb\u00e4ude. Die fr\u00fchere Bowlingbahn wurde umgebaut zu Lagerr\u00e4umen f\u00fcr die kirchliche Hauskrankenpflege. Diese R\u00e4ume sind oftmals nur zur H\u00e4lfte gef\u00fcllt. Rollst\u00fchle, Gehb\u00e4nkchen oder auch Windeln gehen wegen der gro\u00dfen Nachfrage in der Regel recht schnell wieder raus.<\/p>\t\t\t\t\t\t\t\t<\/div>\n\t\t\t\t<div class=\"elementor-element elementor-element-3be72ec elementor-widget elementor-widget-text-editor\" data-id=\"3be72ec\" data-element_type=\"widget\" data-e-type=\"widget\" data-widget_type=\"text-editor.default\">\n\t\t\t\t\t\t\t\t\t<p><strong>Spenden f\u00fcr die Restarbeiten bitte mit dem Kennwort: Haus<\/strong><\/p>\t\t\t\t\t\t\t\t<\/div>\n\t\t\t\t\t<\/div>\n\t\t<\/div>\n\t\t\t\t\t<\/div>\n\t\t<\/section>\n\t\t\t\t<section class=\"elementor-section elementor-top-section elementor-element elementor-element-474ff2c elementor-section-boxed elementor-section-height-default elementor-section-height-default\" data-id=\"474ff2c\" data-element_type=\"section\" data-e-type=\"section\">\n\t\t\t\t\t\t<div class=\"elementor-container elementor-column-gap-default\">\n\t\t\t\t\t<div class=\"elementor-column elementor-col-100 elementor-top-column elementor-element elementor-element-bb29591\" data-id=\"bb29591\" data-element_type=\"column\" data-e-type=\"column\">\n\t\t\t<div class=\"elementor-widget-wrap elementor-element-populated\">\n\t\t\t\t\t\t<div class=\"elementor-element elementor-element-30b9839 elementor-skin-carousel elementor-widget elementor-widget-media-carousel\" data-id=\"30b9839\" data-element_type=\"widget\" data-e-type=\"widget\" data-settings=\"{&quot;skin&quot;:&quot;carousel&quot;,&quot;effect&quot;:&quot;slide&quot;,&quot;speed&quot;:500,&quot;autoplay&quot;:&quot;yes&quot;,&quot;autoplay_speed&quot;:5000,&quot;loop&quot;:&quot;yes&quot;,&quot;pause_on_hover&quot;:&quot;yes&quot;,&quot;pause_on_interaction&quot;:&quot;yes&quot;,&quot;space_between&quot;:{&quot;unit&quot;:&quot;px&quot;,&quot;size&quot;:10,&quot;sizes&quot;:[]},&quot;space_between_tablet&quot;:{&quot;unit&quot;:&quot;px&quot;,&quot;size&quot;:10,&quot;sizes&quot;:[]},&quot;space_between_mobile&quot;:{&quot;unit&quot;:&quot;px&quot;,&quot;size&quot;:10,&quot;sizes&quot;:[]}}\" data-widget_type=\"media-carousel.default\">\n\t\t\t\t\t\t\t\t\t\t<div class=\"elementor-main-swiper swiper\" role=\"region\" aria-roledescription=\"carousel\" aria-label=\"Slider\">\n\t\t\t\t<div class=\"swiper-wrapper\">\n\t\t\t\t\t\t\t\t\t\t\t<div class=\"swiper-slide\" role=\"group\" aria-roledescription=\"slide\">\n\t\t\t\t\t\t\t<a href=\"https:\/\/hvu-online.de\/wp-content\/uploads\/2022\/01\/Hof-waehrend-der-Pflasterarbeiten.jpeg\" data-elementor-open-lightbox=\"yes\" data-elementor-lightbox-slideshow=\"30b9839\" data-elementor-lightbox-title=\"Hof w\u00e4hrend der Pflasterarbeiten\" data-e-action-hash=\"#elementor-action%3Aaction%3Dlightbox%26settings%3DeyJpZCI6MTc1OSwidXJsIjoiaHR0cHM6XC9cL2h2dS1vbmxpbmUuZGVcL3dwLWNvbnRlbnRcL3VwbG9hZHNcLzIwMjJcLzAxXC9Ib2Ytd2FlaHJlbmQtZGVyLVBmbGFzdGVyYXJiZWl0ZW4uanBlZyIsInNsaWRlc2hvdyI6IjMwYjk4MzkifQ%3D%3D\">\t\t<div class=\"elementor-carousel-image\" role=\"img\" aria-label=\"Hof w\u00e4hrend der Pflasterarbeiten\" style=\"background-image: url(&#039;https:\/\/hvu-online.de\/wp-content\/uploads\/2022\/01\/Hof-waehrend-der-Pflasterarbeiten.jpeg&#039;)\">\n\n\t\t\t\n\t\t\t\t\t<\/div>\n\t\t\t\t\t<div class=\"elementor-carousel-image-overlay e-overlay-animation-fade\">\n\t\t\t\tHof w\u00e4hrend der Pflasterarbeiten\t\t\t<\/div>\n\t\t\t<\/a>\t\t\t\t\t\t<\/div>\n\t\t\t\t\t\t\t\t\t\t\t<div class=\"swiper-slide\" role=\"group\" aria-roledescription=\"slide\">\n\t\t\t\t\t\t\t<a href=\"https:\/\/hvu-online.de\/wp-content\/uploads\/2022\/01\/Lagerraeume-fuer-kirchliche-Hauskrankenpflege.jpeg\" data-elementor-open-lightbox=\"yes\" data-elementor-lightbox-slideshow=\"30b9839\" data-elementor-lightbox-title=\"Lagerr\u00e4ume f\u00fcr kirchliche Hauskrankenpflege\" data-e-action-hash=\"#elementor-action%3Aaction%3Dlightbox%26settings%3DeyJpZCI6MTc2MCwidXJsIjoiaHR0cHM6XC9cL2h2dS1vbmxpbmUuZGVcL3dwLWNvbnRlbnRcL3VwbG9hZHNcLzIwMjJcLzAxXC9MYWdlcnJhZXVtZS1mdWVyLWtpcmNobGljaGUtSGF1c2tyYW5rZW5wZmxlZ2UuanBlZyIsInNsaWRlc2hvdyI6IjMwYjk4MzkifQ%3D%3D\">\t\t<div class=\"elementor-carousel-image\" role=\"img\" aria-label=\"Lagerr\u00e4ume f\u00fcr kirchliche Hauskrankenpflege\" style=\"background-image: url(&#039;https:\/\/hvu-online.de\/wp-content\/uploads\/2022\/01\/Lagerraeume-fuer-kirchliche-Hauskrankenpflege.jpeg&#039;)\">\n\n\t\t\t\n\t\t\t\t\t<\/div>\n\t\t\t\t\t<div class=\"elementor-carousel-image-overlay e-overlay-animation-fade\">\n\t\t\t\tLagerr\u00e4ume f\u00fcr kirchliche Hauskrankenpflege\t\t\t<\/div>\n\t\t\t<\/a>\t\t\t\t\t\t<\/div>\n\t\t\t\t\t\t\t\t\t\t\t<div class=\"swiper-slide\" role=\"group\" aria-roledescription=\"slide\">\n\t\t\t\t\t\t\t<a href=\"https:\/\/hvu-online.de\/wp-content\/uploads\/2022\/01\/Teil-der-Kleiderkammer.jpeg\" data-elementor-open-lightbox=\"yes\" data-elementor-lightbox-slideshow=\"30b9839\" data-elementor-lightbox-title=\"Teil der Kleiderkammer\" data-e-action-hash=\"#elementor-action%3Aaction%3Dlightbox%26settings%3DeyJpZCI6MTc2MSwidXJsIjoiaHR0cHM6XC9cL2h2dS1vbmxpbmUuZGVcL3dwLWNvbnRlbnRcL3VwbG9hZHNcLzIwMjJcLzAxXC9UZWlsLWRlci1LbGVpZGVya2FtbWVyLmpwZWciLCJzbGlkZXNob3ciOiIzMGI5ODM5In0%3D\">\t\t<div class=\"elementor-carousel-image\" role=\"img\" aria-label=\"Teil der Kleiderkammer\" style=\"background-image: url(&#039;https:\/\/hvu-online.de\/wp-content\/uploads\/2022\/01\/Teil-der-Kleiderkammer.jpeg&#039;)\">\n\n\t\t\t\n\t\t\t\t\t<\/div>\n\t\t\t\t\t<div class=\"elementor-carousel-image-overlay e-overlay-animation-fade\">\n\t\t\t\tTeil der Kleiderkammer\t\t\t<\/div>\n\t\t\t<\/a>\t\t\t\t\t\t<\/div>\n\t\t\t\t\t\t\t\t\t<\/div>\n\t\t\t\t\t\t\t\t\t\t\t\t\t\t\t\t\t\t\t\t\t<\/div>\n\t\t\t\t\t\t\t\t<\/div>\n\t\t\t\t\t<\/div>\n\t\t<\/div>\n\t\t\t\t\t<\/div>\n\t\t<\/section>\n\t\t\t\t<section class=\"elementor-section elementor-top-section elementor-element elementor-element-b2bee0f elementor-section-boxed elementor-section-height-default elementor-section-height-default\" data-id=\"b2bee0f\" data-element_type=\"section\" data-e-type=\"section\">\n\t\t\t\t\t\t<div class=\"elementor-container elementor-column-gap-default\">\n\t\t\t\t\t<div class=\"elementor-column elementor-col-100 elementor-top-column elementor-element elementor-element-223c6e6\" data-id=\"223c6e6\" data-element_type=\"column\" data-e-type=\"column\">\n\t\t\t<div class=\"elementor-widget-wrap elementor-element-populated\">\n\t\t\t\t\t\t<div class=\"elementor-element elementor-element-ed04d17 elementor-widget-divider--view-line elementor-widget elementor-widget-divider\" data-id=\"ed04d17\" data-element_type=\"widget\" data-e-type=\"widget\" data-widget_type=\"divider.default\">\n\t\t\t\t\t\t\t<div class=\"elementor-divider\">\n\t\t\t<span class=\"elementor-divider-separator\">\n\t\t\t\t\t\t<\/span>\n\t\t<\/div>\n\t\t\t\t\t\t<\/div>\n\t\t\t\t\t<\/div>\n\t\t<\/div>\n\t\t\t\t\t<\/div>\n\t\t<\/section>\n\t\t\t\t<section class=\"elementor-section elementor-top-section elementor-element elementor-element-c2410ee elementor-section-boxed elementor-section-height-default elementor-section-height-default\" data-id=\"c2410ee\" data-element_type=\"section\" data-e-type=\"section\">\n\t\t\t\t\t\t<div class=\"elementor-container elementor-column-gap-default\">\n\t\t\t\t\t<div class=\"elementor-column elementor-col-100 elementor-top-column elementor-element elementor-element-4506eb8\" data-id=\"4506eb8\" data-element_type=\"column\" data-e-type=\"column\">\n\t\t\t<div class=\"elementor-widget-wrap elementor-element-populated\">\n\t\t\t\t\t\t<div class=\"elementor-element elementor-element-b7d27c0 elementor-widget elementor-widget-text-editor\" data-id=\"b7d27c0\" data-element_type=\"widget\" data-e-type=\"widget\" data-widget_type=\"text-editor.default\">\n\t\t\t\t\t\t\t\t\t<p>Positives gibt es von der kirchlichen Freiwilligen Feuerwehr in V\u00e1ri zu berichten. <br \/>Allein im letzten Monat waren sie bei 2 Br\u00e4nden im eigenen Dorf sowie einmal im Nachbardorf im Einsatz und konnten dabei alle drei H\u00e4user retten. Wenn es den betroffenen Leuten finanziell m\u00f6glich ist, ersetzen sie der Feuerwehr wenigstens die Dieselkosten. Der Dieselpreis ist innerhalb eines Jahres von 13,50 Griwen auf 35 Griwen pro Liter gestiegen. Das sind bei aktuellem Umrechnungskurs rund 1,20 Euro!<\/p>\t\t\t\t\t\t\t\t<\/div>\n\t\t\t\t\t<\/div>\n\t\t<\/div>\n\t\t\t\t\t<\/div>\n\t\t<\/section>\n\t\t\t\t<section class=\"elementor-section elementor-top-section elementor-element elementor-element-6015589 elementor-section-boxed elementor-section-height-default elementor-section-height-default\" data-id=\"6015589\" data-element_type=\"section\" data-e-type=\"section\">\n\t\t\t\t\t\t<div class=\"elementor-container elementor-column-gap-default\">\n\t\t\t\t\t<div class=\"elementor-column elementor-col-50 elementor-top-column elementor-element elementor-element-50350ea\" data-id=\"50350ea\" data-element_type=\"column\" data-e-type=\"column\">\n\t\t\t<div class=\"elementor-widget-wrap elementor-element-populated\">\n\t\t\t\t\t\t<div class=\"elementor-element elementor-element-c2e35a8 elementor-widget elementor-widget-image\" data-id=\"c2e35a8\" data-element_type=\"widget\" data-e-type=\"widget\" data-widget_type=\"image.default\">\n\t\t\t\t\t\t\t\t\t\t\t\t<figure class=\"wp-caption\">\n\t\t\t\t\t\t\t\t\t\t\t<a href=\"https:\/\/hvu-online.de\/wp-content\/uploads\/2022\/01\/Schlauchbootfahrt-auf-der-Theiss.jpg\" data-elementor-open-lightbox=\"yes\" data-elementor-lightbox-title=\"Schlauchbootfahrt auf der Theiss\" data-e-action-hash=\"#elementor-action%3Aaction%3Dlightbox%26settings%3DeyJpZCI6MTc3NiwidXJsIjoiaHR0cHM6XC9cL2h2dS1vbmxpbmUuZGVcL3dwLWNvbnRlbnRcL3VwbG9hZHNcLzIwMjJcLzAxXC9TY2hsYXVjaGJvb3RmYWhydC1hdWYtZGVyLVRoZWlzcy5qcGcifQ%3D%3D\">\n\t\t\t\t\t\t\t<img decoding=\"async\" width=\"912\" height=\"684\" src=\"https:\/\/hvu-online.de\/wp-content\/uploads\/2022\/01\/Schlauchbootfahrt-auf-der-Theiss.jpg\" class=\"attachment-large size-large wp-image-1776\" alt=\"Schlauchbootfahrt auf der Theiss\" srcset=\"https:\/\/hvu-online.de\/wp-content\/uploads\/2022\/01\/Schlauchbootfahrt-auf-der-Theiss.jpg 912w, https:\/\/hvu-online.de\/wp-content\/uploads\/2022\/01\/Schlauchbootfahrt-auf-der-Theiss-300x225.jpg 300w, https:\/\/hvu-online.de\/wp-content\/uploads\/2022\/01\/Schlauchbootfahrt-auf-der-Theiss-768x576.jpg 768w\" sizes=\"(max-width: 912px) 100vw, 912px\" \/>\t\t\t\t\t\t\t\t<\/a>\n\t\t\t\t\t\t\t\t\t\t\t<figcaption class=\"widget-image-caption wp-caption-text\">Schlauchbootfahrt auf der Theiss<\/figcaption>\n\t\t\t\t\t\t\t\t\t\t<\/figure>\n\t\t\t\t\t\t\t\t\t<\/div>\n\t\t\t\t\t<\/div>\n\t\t<\/div>\n\t\t\t\t<div class=\"elementor-column elementor-col-50 elementor-top-column elementor-element elementor-element-9d20668\" data-id=\"9d20668\" data-element_type=\"column\" data-e-type=\"column\">\n\t\t\t<div class=\"elementor-widget-wrap elementor-element-populated\">\n\t\t\t\t\t\t<div class=\"elementor-element elementor-element-60c20c7 elementor-widget elementor-widget-image\" data-id=\"60c20c7\" data-element_type=\"widget\" data-e-type=\"widget\" data-widget_type=\"image.default\">\n\t\t\t\t\t\t\t\t\t\t\t\t<figure class=\"wp-caption\">\n\t\t\t\t\t\t\t\t\t\t\t<a href=\"https:\/\/hvu-online.de\/wp-content\/uploads\/2022\/01\/Feuerwehrauto-Csepel-bei-einer-Uebung.jpeg\" data-elementor-open-lightbox=\"yes\" data-elementor-lightbox-title=\"Feuerwehrauto Csepel bei einer \u00dcbung\" data-e-action-hash=\"#elementor-action%3Aaction%3Dlightbox%26settings%3DeyJpZCI6MTc3NywidXJsIjoiaHR0cHM6XC9cL2h2dS1vbmxpbmUuZGVcL3dwLWNvbnRlbnRcL3VwbG9hZHNcLzIwMjJcLzAxXC9GZXVlcndlaHJhdXRvLUNzZXBlbC1iZWktZWluZXItVWVidW5nLmpwZWcifQ%3D%3D\">\n\t\t\t\t\t\t\t<img loading=\"lazy\" decoding=\"async\" width=\"1024\" height=\"485\" src=\"https:\/\/hvu-online.de\/wp-content\/uploads\/2022\/01\/Feuerwehrauto-Csepel-bei-einer-Uebung-1024x485.jpeg\" class=\"attachment-large size-large wp-image-1777\" alt=\"\" srcset=\"https:\/\/hvu-online.de\/wp-content\/uploads\/2022\/01\/Feuerwehrauto-Csepel-bei-einer-Uebung-1024x485.jpeg 1024w, https:\/\/hvu-online.de\/wp-content\/uploads\/2022\/01\/Feuerwehrauto-Csepel-bei-einer-Uebung-300x142.jpeg 300w, https:\/\/hvu-online.de\/wp-content\/uploads\/2022\/01\/Feuerwehrauto-Csepel-bei-einer-Uebung-768x364.jpeg 768w, https:\/\/hvu-online.de\/wp-content\/uploads\/2022\/01\/Feuerwehrauto-Csepel-bei-einer-Uebung.jpeg 1280w\" sizes=\"(max-width: 1024px) 100vw, 1024px\" \/>\t\t\t\t\t\t\t\t<\/a>\n\t\t\t\t\t\t\t\t\t\t\t<figcaption class=\"widget-image-caption wp-caption-text\">Feuerwehrauto Csepel bei einer \u00dcbung<\/figcaption>\n\t\t\t\t\t\t\t\t\t\t<\/figure>\n\t\t\t\t\t\t\t\t\t<\/div>\n\t\t\t\t\t<\/div>\n\t\t<\/div>\n\t\t\t\t\t<\/div>\n\t\t<\/section>\n\t\t\t\t<section class=\"elementor-section elementor-top-section elementor-element elementor-element-99dc7bf elementor-section-boxed elementor-section-height-default elementor-section-height-default\" data-id=\"99dc7bf\" data-element_type=\"section\" data-e-type=\"section\">\n\t\t\t\t\t\t<div class=\"elementor-container elementor-column-gap-default\">\n\t\t\t\t\t<div class=\"elementor-column elementor-col-100 elementor-top-column elementor-element elementor-element-4ed119b\" data-id=\"4ed119b\" data-element_type=\"column\" data-e-type=\"column\">\n\t\t\t<div class=\"elementor-widget-wrap elementor-element-populated\">\n\t\t\t\t\t\t<div class=\"elementor-element elementor-element-b8b2378 elementor-widget elementor-widget-text-editor\" data-id=\"b8b2378\" data-element_type=\"widget\" data-e-type=\"widget\" data-widget_type=\"text-editor.default\">\n\t\t\t\t\t\t\t\t\t<p>Im 2. Halbjahr konnte eine Weiterbildung mit Schlauchbootfahrt auf der Theiss durchgef\u00fchrt werden.<\/p>\t\t\t\t\t\t\t\t<\/div>\n\t\t\t\t\t<\/div>\n\t\t<\/div>\n\t\t\t\t\t<\/div>\n\t\t<\/section>\n\t\t\t\t<section class=\"elementor-section elementor-top-section elementor-element elementor-element-b908468 elementor-section-boxed elementor-section-height-default elementor-section-height-default\" data-id=\"b908468\" data-element_type=\"section\" data-e-type=\"section\">\n\t\t\t\t\t\t<div class=\"elementor-container elementor-column-gap-default\">\n\t\t\t\t\t<div class=\"elementor-column elementor-col-50 elementor-top-column elementor-element elementor-element-b2053e0\" data-id=\"b2053e0\" data-element_type=\"column\" data-e-type=\"column\">\n\t\t\t<div class=\"elementor-widget-wrap elementor-element-populated\">\n\t\t\t\t\t\t<div class=\"elementor-element elementor-element-343e3c6 elementor-widget elementor-widget-text-editor\" data-id=\"343e3c6\" data-element_type=\"widget\" data-e-type=\"widget\" data-widget_type=\"text-editor.default\">\n\t\t\t\t\t\t\t\t\t<p>Bei dem alten sowjetischen Feuerwehrauto ist die Pumpe kaputt und beim Csepel m\u00fcssen die Bremsen komplett erneuert werden. In Anbetracht des Alters der Fahrzeuge und des teilweise sehr schlechten Stra\u00dfenzustandes ist eine h\u00f6here Reparaturanf\u00e4lligkeit nicht verwunderlich.<\/p><p>Auch bei der Feuerwehr in Dercen steht eine Reparatur des nunmehr 10 Jahre im Einsatz befindlichen Wassertankfahrzeuges vom Typ LIAZ an.<\/p>\t\t\t\t\t\t\t\t<\/div>\n\t\t\t\t<div class=\"elementor-element elementor-element-7d6aaaf elementor-widget elementor-widget-text-editor\" data-id=\"7d6aaaf\" data-element_type=\"widget\" data-e-type=\"widget\" data-widget_type=\"text-editor.default\">\n\t\t\t\t\t\t\t\t\t<p><strong>F\u00fcr die weitere Unterst\u00fctzung der kirchlichen Freiwilligen Feuerwehren verwenden Sie bitte das Kennwort: Feuerwehr<\/strong><\/p>\t\t\t\t\t\t\t\t<\/div>\n\t\t\t\t\t<\/div>\n\t\t<\/div>\n\t\t\t\t<div class=\"elementor-column elementor-col-50 elementor-top-column elementor-element elementor-element-2b201fb\" data-id=\"2b201fb\" data-element_type=\"column\" data-e-type=\"column\">\n\t\t\t<div class=\"elementor-widget-wrap elementor-element-populated\">\n\t\t\t\t\t\t<div class=\"elementor-element elementor-element-5150955 elementor-widget elementor-widget-image\" data-id=\"5150955\" data-element_type=\"widget\" data-e-type=\"widget\" data-widget_type=\"image.default\">\n\t\t\t\t\t\t\t\t\t\t\t\t<figure class=\"wp-caption\">\n\t\t\t\t\t\t\t\t\t\t\t<a href=\"https:\/\/hvu-online.de\/wp-content\/uploads\/2022\/01\/Wassertankfahrzeug-der-FW-Dercen.jpeg\" data-elementor-open-lightbox=\"yes\" data-elementor-lightbox-title=\"Wassertankfahrzeug der FW Dercen\" data-e-action-hash=\"#elementor-action%3Aaction%3Dlightbox%26settings%3DeyJpZCI6MTc3NSwidXJsIjoiaHR0cHM6XC9cL2h2dS1vbmxpbmUuZGVcL3dwLWNvbnRlbnRcL3VwbG9hZHNcLzIwMjJcLzAxXC9XYXNzZXJ0YW5rZmFocnpldWctZGVyLUZXLURlcmNlbi5qcGVnIn0%3D\">\n\t\t\t\t\t\t\t<img loading=\"lazy\" decoding=\"async\" width=\"1024\" height=\"768\" src=\"https:\/\/hvu-online.de\/wp-content\/uploads\/2022\/01\/Wassertankfahrzeug-der-FW-Dercen-1024x768.jpeg\" class=\"attachment-large size-large wp-image-1775\" alt=\"\" srcset=\"https:\/\/hvu-online.de\/wp-content\/uploads\/2022\/01\/Wassertankfahrzeug-der-FW-Dercen-1024x768.jpeg 1024w, https:\/\/hvu-online.de\/wp-content\/uploads\/2022\/01\/Wassertankfahrzeug-der-FW-Dercen-300x225.jpeg 300w, https:\/\/hvu-online.de\/wp-content\/uploads\/2022\/01\/Wassertankfahrzeug-der-FW-Dercen-768x576.jpeg 768w, https:\/\/hvu-online.de\/wp-content\/uploads\/2022\/01\/Wassertankfahrzeug-der-FW-Dercen.jpeg 1280w\" sizes=\"(max-width: 1024px) 100vw, 1024px\" \/>\t\t\t\t\t\t\t\t<\/a>\n\t\t\t\t\t\t\t\t\t\t\t<figcaption class=\"widget-image-caption wp-caption-text\">Wassertankfahrzeug der FW Dercen<\/figcaption>\n\t\t\t\t\t\t\t\t\t\t<\/figure>\n\t\t\t\t\t\t\t\t\t<\/div>\n\t\t\t\t\t<\/div>\n\t\t<\/div>\n\t\t\t\t\t<\/div>\n\t\t<\/section>\n\t\t\t\t<section class=\"elementor-section elementor-top-section elementor-element elementor-element-6de2d99 elementor-section-boxed elementor-section-height-default elementor-section-height-default\" data-id=\"6de2d99\" data-element_type=\"section\" data-e-type=\"section\">\n\t\t\t\t\t\t<div class=\"elementor-container elementor-column-gap-default\">\n\t\t\t\t\t<div class=\"elementor-column elementor-col-100 elementor-top-column elementor-element elementor-element-6e442fe\" data-id=\"6e442fe\" data-element_type=\"column\" data-e-type=\"column\">\n\t\t\t<div class=\"elementor-widget-wrap elementor-element-populated\">\n\t\t\t\t\t\t<div class=\"elementor-element elementor-element-cb9e98e elementor-widget-divider--view-line elementor-widget elementor-widget-divider\" data-id=\"cb9e98e\" data-element_type=\"widget\" data-e-type=\"widget\" data-widget_type=\"divider.default\">\n\t\t\t\t\t\t\t<div class=\"elementor-divider\">\n\t\t\t<span class=\"elementor-divider-separator\">\n\t\t\t\t\t\t<\/span>\n\t\t<\/div>\n\t\t\t\t\t\t<\/div>\n\t\t\t\t\t<\/div>\n\t\t<\/div>\n\t\t\t\t\t<\/div>\n\t\t<\/section>\n\t\t\t\t<section class=\"elementor-section elementor-top-section elementor-element elementor-element-5b97820 elementor-section-boxed elementor-section-height-default elementor-section-height-default\" data-id=\"5b97820\" data-element_type=\"section\" data-e-type=\"section\">\n\t\t\t\t\t\t<div class=\"elementor-container elementor-column-gap-default\">\n\t\t\t\t\t<div class=\"elementor-column elementor-col-50 elementor-top-column elementor-element elementor-element-776139c\" data-id=\"776139c\" data-element_type=\"column\" data-e-type=\"column\">\n\t\t\t<div class=\"elementor-widget-wrap elementor-element-populated\">\n\t\t\t\t\t\t<div class=\"elementor-element elementor-element-1299c99 elementor-widget elementor-widget-text-editor\" data-id=\"1299c99\" data-element_type=\"widget\" data-e-type=\"widget\" data-widget_type=\"text-editor.default\">\n\t\t\t\t\t\t\t\t\t<p>Das Rehabilitationszentrums \u201eVergissmeinnicht\u201c f\u00fcr behinderte Kinder konnte in diesem Jahr wegen coronabedingter Verordnungen zeitweise wieder nur eingeschr\u00e4nkt arbeiten. Baulich kann berichtet werden, dass die obere Etage nun komplett und das Geb\u00e4ude f\u00fcr den Wasserfilter nahezu fertiggestellt ist.\u00a0<\/p>\t\t\t\t\t\t\t\t<\/div>\n\t\t\t\t\t<\/div>\n\t\t<\/div>\n\t\t\t\t<div class=\"elementor-column elementor-col-50 elementor-top-column elementor-element elementor-element-911fda9\" data-id=\"911fda9\" data-element_type=\"column\" data-e-type=\"column\">\n\t\t\t<div class=\"elementor-widget-wrap elementor-element-populated\">\n\t\t\t\t\t\t<div class=\"elementor-element elementor-element-b7eb3f3 elementor-widget elementor-widget-text-editor\" data-id=\"b7eb3f3\" data-element_type=\"widget\" data-e-type=\"widget\" data-widget_type=\"text-editor.default\">\n\t\t\t\t\t\t\t\t\t<p>Die Steine f\u00fcr den Wegebau vor der Garage sind gekauft, es fehlt noch das Geld f\u00fcr den Arbeitslohn. Alle b\u00fcrokratischen Hindernisse f\u00fcr die Inbetriebnahme des Fahrstuhls wurden beseitigt, die Genehmigungen und der T\u00dcV erteilt. Er funktioniert ausgezeichnet und wird auch gern und viel genutzt.<\/p>\t\t\t\t\t\t\t\t<\/div>\n\t\t\t\t\t<\/div>\n\t\t<\/div>\n\t\t\t\t\t<\/div>\n\t\t<\/section>\n\t\t\t\t<section class=\"elementor-section elementor-top-section elementor-element elementor-element-9cc5b41 elementor-section-boxed elementor-section-height-default elementor-section-height-default\" data-id=\"9cc5b41\" data-element_type=\"section\" data-e-type=\"section\">\n\t\t\t\t\t\t<div class=\"elementor-container elementor-column-gap-default\">\n\t\t\t\t\t<div class=\"elementor-column elementor-col-50 elementor-top-column elementor-element elementor-element-a92a859\" data-id=\"a92a859\" data-element_type=\"column\" data-e-type=\"column\">\n\t\t\t<div class=\"elementor-widget-wrap elementor-element-populated\">\n\t\t\t\t\t\t<div class=\"elementor-element elementor-element-feee125 elementor-widget elementor-widget-image\" data-id=\"feee125\" data-element_type=\"widget\" data-e-type=\"widget\" data-widget_type=\"image.default\">\n\t\t\t\t\t\t\t\t\t\t\t\t<figure class=\"wp-caption\">\n\t\t\t\t\t\t\t\t\t\t\t<a href=\"https:\/\/hvu-online.de\/wp-content\/uploads\/2022\/01\/Fahrstuhl-ist-betriebsbereit-bearbeitet.jpg\" data-elementor-open-lightbox=\"yes\" data-elementor-lightbox-title=\"Fahrstuhl ist betriebsbereit\" data-e-action-hash=\"#elementor-action%3Aaction%3Dlightbox%26settings%3DeyJpZCI6MTkyOSwidXJsIjoiaHR0cHM6XC9cL2h2dS1vbmxpbmUuZGVcL3dwLWNvbnRlbnRcL3VwbG9hZHNcLzIwMjJcLzAxXC9GYWhyc3R1aGwtaXN0LWJldHJpZWJzYmVyZWl0LWJlYXJiZWl0ZXQuanBnIn0%3D\">\n\t\t\t\t\t\t\t<img loading=\"lazy\" decoding=\"async\" width=\"631\" height=\"1000\" src=\"https:\/\/hvu-online.de\/wp-content\/uploads\/2022\/01\/Fahrstuhl-ist-betriebsbereit-bearbeitet.jpg\" class=\"attachment-large size-large wp-image-1929\" alt=\"\" srcset=\"https:\/\/hvu-online.de\/wp-content\/uploads\/2022\/01\/Fahrstuhl-ist-betriebsbereit-bearbeitet.jpg 631w, https:\/\/hvu-online.de\/wp-content\/uploads\/2022\/01\/Fahrstuhl-ist-betriebsbereit-bearbeitet-189x300.jpg 189w\" sizes=\"(max-width: 631px) 100vw, 631px\" \/>\t\t\t\t\t\t\t\t<\/a>\n\t\t\t\t\t\t\t\t\t\t\t<figcaption class=\"widget-image-caption wp-caption-text\">Fahrstuhl ist betriebsbereit<\/figcaption>\n\t\t\t\t\t\t\t\t\t\t<\/figure>\n\t\t\t\t\t\t\t\t\t<\/div>\n\t\t\t\t\t<\/div>\n\t\t<\/div>\n\t\t\t\t<div class=\"elementor-column elementor-col-50 elementor-top-column elementor-element elementor-element-1c3aec0\" data-id=\"1c3aec0\" data-element_type=\"column\" data-e-type=\"column\">\n\t\t\t<div class=\"elementor-widget-wrap elementor-element-populated\">\n\t\t\t\t\t\t<div class=\"elementor-element elementor-element-0a53c23 elementor-widget elementor-widget-image\" data-id=\"0a53c23\" data-element_type=\"widget\" data-e-type=\"widget\" data-widget_type=\"image.default\">\n\t\t\t\t\t\t\t\t\t\t\t\t<figure class=\"wp-caption\">\n\t\t\t\t\t\t\t\t\t\t\t<a href=\"https:\/\/hvu-online.de\/wp-content\/uploads\/2022\/01\/Fahrstuhl-wird-genutzt-rotated.jpeg\" data-elementor-open-lightbox=\"yes\" data-elementor-lightbox-title=\"Fahrstuhl wird genutzt\" data-e-action-hash=\"#elementor-action%3Aaction%3Dlightbox%26settings%3DeyJpZCI6MTc4NCwidXJsIjoiaHR0cHM6XC9cL2h2dS1vbmxpbmUuZGVcL3dwLWNvbnRlbnRcL3VwbG9hZHNcLzIwMjJcLzAxXC9GYWhyc3R1aGwtd2lyZC1nZW51dHp0LXJvdGF0ZWQuanBlZyJ9\">\n\t\t\t\t\t\t\t<img loading=\"lazy\" decoding=\"async\" width=\"682\" height=\"1024\" src=\"https:\/\/hvu-online.de\/wp-content\/uploads\/2022\/01\/Fahrstuhl-wird-genutzt-682x1024.jpeg\" class=\"attachment-large size-large wp-image-1784\" alt=\"\" srcset=\"https:\/\/hvu-online.de\/wp-content\/uploads\/2022\/01\/Fahrstuhl-wird-genutzt-682x1024.jpeg 682w, https:\/\/hvu-online.de\/wp-content\/uploads\/2022\/01\/Fahrstuhl-wird-genutzt-200x300.jpeg 200w, https:\/\/hvu-online.de\/wp-content\/uploads\/2022\/01\/Fahrstuhl-wird-genutzt-768x1152.jpeg 768w, https:\/\/hvu-online.de\/wp-content\/uploads\/2022\/01\/Fahrstuhl-wird-genutzt-rotated.jpeg 853w\" sizes=\"(max-width: 682px) 100vw, 682px\" \/>\t\t\t\t\t\t\t\t<\/a>\n\t\t\t\t\t\t\t\t\t\t\t<figcaption class=\"widget-image-caption wp-caption-text\">Fahrstuhl wird genutzt<\/figcaption>\n\t\t\t\t\t\t\t\t\t\t<\/figure>\n\t\t\t\t\t\t\t\t\t<\/div>\n\t\t\t\t\t<\/div>\n\t\t<\/div>\n\t\t\t\t\t<\/div>\n\t\t<\/section>\n\t\t\t\t<section class=\"elementor-section elementor-top-section elementor-element elementor-element-e108ed4 elementor-section-boxed elementor-section-height-default elementor-section-height-default\" data-id=\"e108ed4\" data-element_type=\"section\" data-e-type=\"section\">\n\t\t\t\t\t\t<div class=\"elementor-container elementor-column-gap-default\">\n\t\t\t\t\t<div class=\"elementor-column elementor-col-100 elementor-top-column elementor-element elementor-element-8ae0110\" data-id=\"8ae0110\" data-element_type=\"column\" data-e-type=\"column\">\n\t\t\t<div class=\"elementor-widget-wrap elementor-element-populated\">\n\t\t\t\t\t\t<div class=\"elementor-element elementor-element-5befba3 elementor-widget elementor-widget-text-editor\" data-id=\"5befba3\" data-element_type=\"widget\" data-e-type=\"widget\" data-widget_type=\"text-editor.default\">\n\t\t\t\t\t\t\t\t\t<p>Die Ernte auf der Apfelplantage war gut. Ungef\u00e4hr die H\u00e4lfte der Menge bekommen die Kinder als Obst, die andere H\u00e4lfte wurde zu Saft verarbeitet. Das waren ca. 1000 Liter. Auch den Apfelsaft m\u00f6gen die Kinder sehr gern.<\/p>\t\t\t\t\t\t\t\t<\/div>\n\t\t\t\t\t<\/div>\n\t\t<\/div>\n\t\t\t\t\t<\/div>\n\t\t<\/section>\n\t\t\t\t<section class=\"elementor-section elementor-top-section elementor-element elementor-element-9deb733 elementor-section-boxed elementor-section-height-default elementor-section-height-default\" data-id=\"9deb733\" data-element_type=\"section\" data-e-type=\"section\">\n\t\t\t\t\t\t<div class=\"elementor-container elementor-column-gap-default\">\n\t\t\t\t\t<div class=\"elementor-column elementor-col-100 elementor-top-column elementor-element elementor-element-9d7d4ba\" data-id=\"9d7d4ba\" data-element_type=\"column\" data-e-type=\"column\">\n\t\t\t<div class=\"elementor-widget-wrap elementor-element-populated\">\n\t\t\t\t\t\t<div class=\"elementor-element elementor-element-6251d07 elementor-skin-carousel elementor-widget elementor-widget-media-carousel\" data-id=\"6251d07\" data-element_type=\"widget\" data-e-type=\"widget\" data-settings=\"{&quot;skin&quot;:&quot;carousel&quot;,&quot;effect&quot;:&quot;slide&quot;,&quot;speed&quot;:500,&quot;autoplay&quot;:&quot;yes&quot;,&quot;autoplay_speed&quot;:5000,&quot;loop&quot;:&quot;yes&quot;,&quot;pause_on_hover&quot;:&quot;yes&quot;,&quot;pause_on_interaction&quot;:&quot;yes&quot;,&quot;space_between&quot;:{&quot;unit&quot;:&quot;px&quot;,&quot;size&quot;:10,&quot;sizes&quot;:[]},&quot;space_between_tablet&quot;:{&quot;unit&quot;:&quot;px&quot;,&quot;size&quot;:10,&quot;sizes&quot;:[]},&quot;space_between_mobile&quot;:{&quot;unit&quot;:&quot;px&quot;,&quot;size&quot;:10,&quot;sizes&quot;:[]}}\" data-widget_type=\"media-carousel.default\">\n\t\t\t\t\t\t\t\t\t\t<div class=\"elementor-main-swiper swiper\" role=\"region\" aria-roledescription=\"carousel\" aria-label=\"Slider\">\n\t\t\t\t<div class=\"swiper-wrapper\">\n\t\t\t\t\t\t\t\t\t\t\t<div class=\"swiper-slide\" role=\"group\" aria-roledescription=\"slide\">\n\t\t\t\t\t\t\t<a href=\"https:\/\/hvu-online.de\/wp-content\/uploads\/2022\/01\/obere-Etage-vor-dem-Einraeumen.jpeg\" data-elementor-open-lightbox=\"yes\" data-elementor-lightbox-slideshow=\"6251d07\" data-elementor-lightbox-title=\"Obere Etage vor dem Einr\u00e4umen\" data-e-action-hash=\"#elementor-action%3Aaction%3Dlightbox%26settings%3DeyJpZCI6MTc4OCwidXJsIjoiaHR0cHM6XC9cL2h2dS1vbmxpbmUuZGVcL3dwLWNvbnRlbnRcL3VwbG9hZHNcLzIwMjJcLzAxXC9vYmVyZS1FdGFnZS12b3ItZGVtLUVpbnJhZXVtZW4uanBlZyIsInNsaWRlc2hvdyI6IjYyNTFkMDcifQ%3D%3D\">\t\t<div class=\"elementor-carousel-image\" role=\"img\" aria-label=\"Obere Etage vor dem Einr\u00e4umen\" style=\"background-image: url(&#039;https:\/\/hvu-online.de\/wp-content\/uploads\/2022\/01\/obere-Etage-vor-dem-Einraeumen.jpeg&#039;)\">\n\n\t\t\t\n\t\t\t\t\t<\/div>\n\t\t\t\t\t<div class=\"elementor-carousel-image-overlay e-overlay-animation-fade\">\n\t\t\t\tObere Etage vor dem Einr\u00e4umen\t\t\t<\/div>\n\t\t\t<\/a>\t\t\t\t\t\t<\/div>\n\t\t\t\t\t\t\t\t\t\t\t<div class=\"swiper-slide\" role=\"group\" aria-roledescription=\"slide\">\n\t\t\t\t\t\t\t<a href=\"https:\/\/hvu-online.de\/wp-content\/uploads\/2022\/01\/der-Weg-vor-den-Garagen-soll-gepflastert-werden.jpeg\" data-elementor-open-lightbox=\"yes\" data-elementor-lightbox-slideshow=\"6251d07\" data-elementor-lightbox-title=\"Der Weg vor den Garagen soll gepflastert werden\" data-e-action-hash=\"#elementor-action%3Aaction%3Dlightbox%26settings%3DeyJpZCI6MTc4OSwidXJsIjoiaHR0cHM6XC9cL2h2dS1vbmxpbmUuZGVcL3dwLWNvbnRlbnRcL3VwbG9hZHNcLzIwMjJcLzAxXC9kZXItV2VnLXZvci1kZW4tR2FyYWdlbi1zb2xsLWdlcGZsYXN0ZXJ0LXdlcmRlbi5qcGVnIiwic2xpZGVzaG93IjoiNjI1MWQwNyJ9\">\t\t<div class=\"elementor-carousel-image\" role=\"img\" aria-label=\"Der Weg vor den Garagen soll gepflastert werden\" style=\"background-image: url(&#039;https:\/\/hvu-online.de\/wp-content\/uploads\/2022\/01\/der-Weg-vor-den-Garagen-soll-gepflastert-werden.jpeg&#039;)\">\n\n\t\t\t\n\t\t\t\t\t<\/div>\n\t\t\t\t\t<div class=\"elementor-carousel-image-overlay e-overlay-animation-fade\">\n\t\t\t\tDer Weg vor den Garagen soll gepflastert werden\t\t\t<\/div>\n\t\t\t<\/a>\t\t\t\t\t\t<\/div>\n\t\t\t\t\t\t\t\t\t\t\t<div class=\"swiper-slide\" role=\"group\" aria-roledescription=\"slide\">\n\t\t\t\t\t\t\t<a href=\"https:\/\/hvu-online.de\/wp-content\/uploads\/2022\/01\/Pony-Tornado-wartet-auf-die-Fortfuehrung-der-Therapien_klein.jpg\" data-elementor-open-lightbox=\"yes\" data-elementor-lightbox-slideshow=\"6251d07\" data-elementor-lightbox-title=\"Pony Tornado wartet auf die Fortf\u00fchrung der Therapien\" data-e-action-hash=\"#elementor-action%3Aaction%3Dlightbox%26settings%3DeyJpZCI6MTg0OSwidXJsIjoiaHR0cHM6XC9cL2h2dS1vbmxpbmUuZGVcL3dwLWNvbnRlbnRcL3VwbG9hZHNcLzIwMjJcLzAxXC9Qb255LVRvcm5hZG8td2FydGV0LWF1Zi1kaWUtRm9ydGZ1ZWhydW5nLWRlci1UaGVyYXBpZW5fa2xlaW4uanBnIiwic2xpZGVzaG93IjoiNjI1MWQwNyJ9\">\t\t<div class=\"elementor-carousel-image\" role=\"img\" aria-label=\"Pony Tornado wartet auf die Fortf\u00fchrung der Therapien\" style=\"background-image: url(&#039;https:\/\/hvu-online.de\/wp-content\/uploads\/2022\/01\/Pony-Tornado-wartet-auf-die-Fortfuehrung-der-Therapien_klein.jpg&#039;)\">\n\n\t\t\t\n\t\t\t\t\t<\/div>\n\t\t\t\t\t<div class=\"elementor-carousel-image-overlay e-overlay-animation-fade\">\n\t\t\t\tPony Tornado wartet auf die Fortf\u00fchrung der Therapien\t\t\t<\/div>\n\t\t\t<\/a>\t\t\t\t\t\t<\/div>\n\t\t\t\t\t\t\t\t\t<\/div>\n\t\t\t\t\t\t\t\t\t\t\t\t\t\t\t\t\t\t\t\t\t<\/div>\n\t\t\t\t\t\t\t\t<\/div>\n\t\t\t\t\t<\/div>\n\t\t<\/div>\n\t\t\t\t\t<\/div>\n\t\t<\/section>\n\t\t\t\t<section class=\"elementor-section elementor-top-section elementor-element elementor-element-367cb92 elementor-section-boxed elementor-section-height-default elementor-section-height-default\" data-id=\"367cb92\" data-element_type=\"section\" data-e-type=\"section\">\n\t\t\t\t\t\t<div class=\"elementor-container elementor-column-gap-default\">\n\t\t\t\t\t<div class=\"elementor-column elementor-col-50 elementor-top-column elementor-element elementor-element-8806f3b\" data-id=\"8806f3b\" data-element_type=\"column\" data-e-type=\"column\">\n\t\t\t<div class=\"elementor-widget-wrap elementor-element-populated\">\n\t\t\t\t\t\t<div class=\"elementor-element elementor-element-6243cd3 elementor-widget elementor-widget-text-editor\" data-id=\"6243cd3\" data-element_type=\"widget\" data-e-type=\"widget\" data-widget_type=\"text-editor.default\">\n\t\t\t\t\t\t\t\t\t<p><span style=\"font-size: 14px; letter-spacing: 0px;\">Das Ehepaar aus Holland, dass das Reha-Zentrum seit sieben Jahren tatkr\u00e4ftig unterst\u00fctzt hat, ist im September zur\u00fcck in die Niederlande gegangen. Margaret war in der Therapie t\u00e4tig und Stefan beim Behindertentransport, arbeitete mit den Kindern in der Werkstatt und hat ihnen das Pony \u201eTornado\u201c n\u00e4her gebracht. W\u00e4hrend es f\u00fcr die Fahrdienste einen Nachfolger gibt, fehlt leider momentan noch ein begabter Mitarbeiter f\u00fcr die Behinderten-Werkstatt und die Ponytherapie.<\/span><\/p><p>Die Holl\u00e4nder haben in der Reha-Einrichtung manches finanziert, ganz ohne Abrechnung. Wie die Verantwortlichen mitteilen, wird es sich erst im Laufe der Zeit herausstellen, wie hoch zuk\u00fcnftig das daraus resultierende Defizit sein wird. Das Heim geht finanziell schwierigen Zeiten entgegen. Durch die enorm gestiegenen Kosten in allen Bereichen werden wohl auch Entlassungen unvermeidlich sein.<\/p>\t\t\t\t\t\t\t\t<\/div>\n\t\t\t\t\t<\/div>\n\t\t<\/div>\n\t\t\t\t<div class=\"elementor-column elementor-col-50 elementor-top-column elementor-element elementor-element-cf62fae\" data-id=\"cf62fae\" data-element_type=\"column\" data-e-type=\"column\">\n\t\t\t<div class=\"elementor-widget-wrap elementor-element-populated\">\n\t\t\t\t\t\t<div class=\"elementor-element elementor-element-be2fc8a elementor-widget elementor-widget-text-editor\" data-id=\"be2fc8a\" data-element_type=\"widget\" data-e-type=\"widget\" data-widget_type=\"text-editor.default\">\n\t\t\t\t\t\t\t\t\t<p><strong>Spenden f\u00fcr die Arbeit des Rehabilitationszentrums \u201eVergissmeinnicht\u201c bitte mit dem Kennwort: Behinderte<\/strong><\/p>\t\t\t\t\t\t\t\t<\/div>\n\t\t\t\t<div class=\"elementor-element elementor-element-38b50ba elementor-widget elementor-widget-text-editor\" data-id=\"38b50ba\" data-element_type=\"widget\" data-e-type=\"widget\" data-widget_type=\"text-editor.default\">\n\t\t\t\t\t\t\t\t\t<p>J\u00f3zsef, der behinderte Junge, den wir schon von klein auf begleiten, f\u00f6rdern und unterst\u00fctzen hat aktuell die \u201eAbendschule\u201c in Beregsz\u00e1sz beendet. Sein Vater hat eine kleine Tischlerei und macht \u00fcberwiegend Treppenbau. Er hat sich jetzt eine CNC-Fr\u00e4smaschine gekauft und J\u00f3zsi soll sich nach und nach mit der computergesteuerten Maschine vertraut machen.<\/p>\t\t\t\t\t\t\t\t<\/div>\n\t\t\t\t<div class=\"elementor-element elementor-element-bf0f18c elementor-widget elementor-widget-text-editor\" data-id=\"bf0f18c\" data-element_type=\"widget\" data-e-type=\"widget\" data-widget_type=\"text-editor.default\">\n\t\t\t\t\t\t\t\t\t<p>Bei allen Schwierigkeiten und Widrigkeiten hier und dort: <strong>Wir wollen und werden weiterhin helfen.<\/strong><\/p>\t\t\t\t\t\t\t\t<\/div>\n\t\t\t\t\t<\/div>\n\t\t<\/div>\n\t\t\t\t\t<\/div>\n\t\t<\/section>\n\t\t\t\t<section class=\"elementor-section elementor-top-section elementor-element elementor-element-f44cf33 elementor-section-boxed elementor-section-height-default elementor-section-height-default\" data-id=\"f44cf33\" data-element_type=\"section\" data-e-type=\"section\">\n\t\t\t\t\t\t<div class=\"elementor-container elementor-column-gap-default\">\n\t\t\t\t\t<div class=\"elementor-column elementor-col-100 elementor-top-column elementor-element elementor-element-4f549a7\" data-id=\"4f549a7\" data-element_type=\"column\" data-e-type=\"column\">\n\t\t\t<div class=\"elementor-widget-wrap elementor-element-populated\">\n\t\t\t\t\t\t<div class=\"elementor-element elementor-element-0e6afa5 elementor-widget elementor-widget-text-editor\" data-id=\"0e6afa5\" data-element_type=\"widget\" data-e-type=\"widget\" data-widget_type=\"text-editor.default\">\n\t\t\t\t\t\t\t\t\t<p style=\"text-align: center;\">* * * * * * * * * * * * *<\/p>\t\t\t\t\t\t\t\t<\/div>\n\t\t\t\t\t<\/div>\n\t\t<\/div>\n\t\t\t\t\t<\/div>\n\t\t<\/section>\n\t\t\t\t<section class=\"elementor-section elementor-top-section elementor-element elementor-element-d9aae5b elementor-section-boxed elementor-section-height-default elementor-section-height-default\" data-id=\"d9aae5b\" data-element_type=\"section\" data-e-type=\"section\">\n\t\t\t\t\t\t<div class=\"elementor-container elementor-column-gap-default\">\n\t\t\t\t\t<div class=\"elementor-column elementor-col-100 elementor-top-column elementor-element elementor-element-0220882\" data-id=\"0220882\" data-element_type=\"column\" data-e-type=\"column\">\n\t\t\t<div class=\"elementor-widget-wrap elementor-element-populated\">\n\t\t\t\t\t\t<div class=\"elementor-element elementor-element-b09cdf7 elementor-widget elementor-widget-gallery\" data-id=\"b09cdf7\" data-element_type=\"widget\" data-e-type=\"widget\" data-settings=\"{&quot;columns&quot;:2,&quot;overlay_title&quot;:&quot;caption&quot;,&quot;lazyload&quot;:&quot;yes&quot;,&quot;gallery_layout&quot;:&quot;grid&quot;,&quot;columns_tablet&quot;:2,&quot;columns_mobile&quot;:1,&quot;gap&quot;:{&quot;unit&quot;:&quot;px&quot;,&quot;size&quot;:10,&quot;sizes&quot;:[]},&quot;gap_tablet&quot;:{&quot;unit&quot;:&quot;px&quot;,&quot;size&quot;:10,&quot;sizes&quot;:[]},&quot;gap_mobile&quot;:{&quot;unit&quot;:&quot;px&quot;,&quot;size&quot;:10,&quot;sizes&quot;:[]},&quot;link_to&quot;:&quot;file&quot;,&quot;aspect_ratio&quot;:&quot;3:2&quot;,&quot;overlay_background&quot;:&quot;yes&quot;,&quot;content_hover_animation&quot;:&quot;fade-in&quot;}\" data-widget_type=\"gallery.default\">\n\t\t\t\t\t\t\t<div class=\"elementor-gallery__container\">\n\t\t\t\t\t\t\t<a class=\"e-gallery-item elementor-gallery-item elementor-animated-content\" href=\"https:\/\/hvu-online.de\/wp-content\/uploads\/2022\/01\/Adventskranz-in-Vari.jpg\" data-elementor-open-lightbox=\"yes\" data-elementor-lightbox-slideshow=\"b09cdf7\" data-elementor-lightbox-title=\"Adventskranz in V\u00e1ri\" data-e-action-hash=\"#elementor-action%3Aaction%3Dlightbox%26settings%3DeyJpZCI6MTc5OCwidXJsIjoiaHR0cHM6XC9cL2h2dS1vbmxpbmUuZGVcL3dwLWNvbnRlbnRcL3VwbG9hZHNcLzIwMjJcLzAxXC9BZHZlbnRza3JhbnotaW4tVmFyaS5qcGciLCJzbGlkZXNob3ciOiJiMDljZGY3In0%3D\">\n\t\t\t\t\t<div class=\"e-gallery-image elementor-gallery-item__image\" data-thumbnail=\"https:\/\/hvu-online.de\/wp-content\/uploads\/2022\/01\/Adventskranz-in-Vari-300x224.jpg\" data-width=\"300\" data-height=\"224\" aria-label=\"\" role=\"img\" ><\/div>\n\t\t\t\t\t\t\t\t\t\t\t<div class=\"elementor-gallery-item__overlay\"><\/div>\n\t\t\t\t\t\t\t\t\t\t\t\t\t\t\t<div class=\"elementor-gallery-item__content\">\n\t\t\t\t\t\t\t\t\t\t\t<\/div>\n\t\t\t\t\t\t\t\t\t<\/a>\n\t\t\t\t\t\t\t<a class=\"e-gallery-item elementor-gallery-item elementor-animated-content\" href=\"https:\/\/hvu-online.de\/wp-content\/uploads\/2022\/01\/Adventskranz_klein.jpg\" data-elementor-open-lightbox=\"yes\" data-elementor-lightbox-slideshow=\"b09cdf7\" data-elementor-lightbox-title=\"Adventskranz Detail\" data-e-action-hash=\"#elementor-action%3Aaction%3Dlightbox%26settings%3DeyJpZCI6MTc5OSwidXJsIjoiaHR0cHM6XC9cL2h2dS1vbmxpbmUuZGVcL3dwLWNvbnRlbnRcL3VwbG9hZHNcLzIwMjJcLzAxXC9BZHZlbnRza3Jhbnpfa2xlaW4uanBnIiwic2xpZGVzaG93IjoiYjA5Y2RmNyJ9\">\n\t\t\t\t\t<div class=\"e-gallery-image elementor-gallery-item__image\" data-thumbnail=\"https:\/\/hvu-online.de\/wp-content\/uploads\/2022\/01\/Adventskranz_klein-300x200.jpg\" data-width=\"300\" data-height=\"200\" aria-label=\"\" role=\"img\" ><\/div>\n\t\t\t\t\t\t\t\t\t\t\t<div class=\"elementor-gallery-item__overlay\"><\/div>\n\t\t\t\t\t\t\t\t\t\t\t\t\t\t\t<div class=\"elementor-gallery-item__content\">\n\t\t\t\t\t\t\t\t\t\t\t<\/div>\n\t\t\t\t\t\t\t\t\t<\/a>\n\t\t\t\t\t<\/div>\n\t\t\t\t\t<\/div>\n\t\t\t\t<div class=\"elementor-element elementor-element-cb01d53 elementor-widget elementor-widget-text-editor\" data-id=\"cb01d53\" data-element_type=\"widget\" data-e-type=\"widget\" data-widget_type=\"text-editor.default\">\n\t\t\t\t\t\t\t\t\t<p>Erstmals ein \u201e\u00f6ffentlicher\u201c Adventskranz in V\u00e1ri<\/p>\t\t\t\t\t\t\t\t<\/div>\n\t\t\t\t\t<\/div>\n\t\t<\/div>\n\t\t\t\t\t<\/div>\n\t\t<\/section>\n\t\t\t\t<section class=\"elementor-section elementor-top-section elementor-element elementor-element-a167b38 elementor-section-boxed elementor-section-height-default elementor-section-height-default\" data-id=\"a167b38\" data-element_type=\"section\" data-e-type=\"section\">\n\t\t\t\t\t\t<div class=\"elementor-container elementor-column-gap-default\">\n\t\t\t\t\t<div class=\"elementor-column elementor-col-50 elementor-top-column elementor-element elementor-element-df75704\" data-id=\"df75704\" data-element_type=\"column\" data-e-type=\"column\">\n\t\t\t<div class=\"elementor-widget-wrap elementor-element-populated\">\n\t\t\t\t\t\t<div class=\"elementor-element elementor-element-b6cfbb6 elementor-widget elementor-widget-text-editor\" data-id=\"b6cfbb6\" data-element_type=\"widget\" data-e-type=\"widget\" data-widget_type=\"text-editor.default\">\n\t\t\t\t\t\t\t\t\t<p>Ganz herzlichen Dank f\u00fcr alle Ihre Unterst\u00fctzung, f\u00fcr Ihr Interesse, Ihre Mitarbeit und Engagement, f\u00fcr Ihre Gebete und Ihre Spenden in diesem zu Ende gehenden Jahr 2021.<\/p><p>Wir d\u00fcrfen dadurch Dankbarkeit und Liebe weitergeben und den Menschen in den Unterkarpaten immer wieder kleine und gro\u00dfe Zeichen der Hoffnung und Verbundenheit schenken.<br \/>Herzlichen Dank, dass Sie uns so treu verbunden sind. Wir staunen dar\u00fcber, dass Gott immer wieder Menschenherzen bewegt und zum Helfen bereit macht.<br \/>Besonders dankbar sind wir f\u00fcr alle Bewahrung auf den Reisen unserer Freunde aus der Ukraine.<\/p><p>Auch im neuen Jahr 2022 <strong>brauchen wir Sie und Ihre Hilfe<\/strong> und bitten sehr herzlich um<strong> Ihre Unterst\u00fctzung<\/strong>. Es w\u00e4re sch\u00f6n, wenn die notleidenden Menschen in den Unterkarpaten Ihnen weiterhin Herzenssache sind.<\/p>\t\t\t\t\t\t\t\t<\/div>\n\t\t\t\t\t<\/div>\n\t\t<\/div>\n\t\t\t\t<div class=\"elementor-column elementor-col-50 elementor-top-column elementor-element elementor-element-47e465f\" data-id=\"47e465f\" data-element_type=\"column\" data-e-type=\"column\">\n\t\t\t<div class=\"elementor-widget-wrap elementor-element-populated\">\n\t\t\t\t\t\t<div class=\"elementor-element elementor-element-c4cb522 elementor-widget elementor-widget-text-editor\" data-id=\"c4cb522\" data-element_type=\"widget\" data-e-type=\"widget\" data-widget_type=\"text-editor.default\">\n\t\t\t\t\t\t\t\t\t<p><span style=\"font-size: 14px; letter-spacing: 0px;\">Und bitte machen Sie die Arbeit und Projekte des Hilfsvereins Unterkarpaten auch unter Ihren Verwandten, in Ihrem Bekannten- und Freundeskreis, bei Ihren Arbeitskollegen und Mitsch\u00fclern sowie in Gemeindekreisen und Vereinen bekannt. Wir freuen uns auf Ihre Ideen und Aktivit\u00e4ten.<\/span><\/p><p>Wenn die Corona-Krise vor\u00fcber ist gibt es auch wieder die M\u00f6glichkeit eines Vortrages. Gern kommen wir auch zu Ihnen und berichten \u00fcber die Unterkarpaten und seine Menschen, das Leben der Christen dort und unsere Arbeit sowie \u00fcber die aktuelle Lage. Anfragen richten Sie bitte an den Gesch\u00e4ftsf\u00fchrer.<\/p><p><strong>Bischof S\u00e1ndor Z\u00e1n F\u00e1bi\u00e1n und Pfarrer P\u00e9ter Szeghlj\u00e1nik lassen Sie ganz herzlich gr\u00fc\u00dfen.<\/strong><br \/><strong>Wir w\u00fcnschen Ihnen und Ihren Familien ein frohes Christfest und Gottes Segen f\u00fcr das neue Jahr! Bleiben oder werden Sie gesund!<\/strong><\/p>\t\t\t\t\t\t\t\t<\/div>\n\t\t\t\t\t<\/div>\n\t\t<\/div>\n\t\t\t\t\t<\/div>\n\t\t<\/section>\n\t\t\t\t<\/div>\n\t\t","protected":false},"excerpt":{"rendered":"<p>2021 &#8211; Jahresbericht \u201eThe same procedure as last year\u201c, also \u201edie gleiche Prozedur wie im letzten Jahr\u201c. Corona \u2013 und kein Ende?! Die Pandemie l\u00e4hmt unsere Arbeit nach wie vor. Alle Planungen und Vorbereitungen m\u00fcssen zwei-, ja mitunter auch dreimal durchgef\u00fchrt und dann wieder verworfen werden, weil die verordneten Einschr\u00e4nkungen sich mitunter t\u00e4glich \u00e4ndern. Und <a href=\"https:\/\/hvu-online.de\/index.php\/2022\/01\/12\/2021-jahresbericht\/\" class=\"read-more inline\">&#8230; <br \/>mehr lesen<\/a><\/p>\n","protected":false},"author":2,"featured_media":1784,"comment_status":"closed","ping_status":"closed","sticky":false,"template":"","format":"standard","meta":{"footnotes":""},"categories":[1],"tags":[],"class_list":["post-1718","post","type-post","status-publish","format-standard","has-post-thumbnail","hentry","category-allgemein"],"_links":{"self":[{"href":"https:\/\/hvu-online.de\/index.php\/wp-json\/wp\/v2\/posts\/1718","targetHints":{"allow":["GET"]}}],"collection":[{"href":"https:\/\/hvu-online.de\/index.php\/wp-json\/wp\/v2\/posts"}],"about":[{"href":"https:\/\/hvu-online.de\/index.php\/wp-json\/wp\/v2\/types\/post"}],"author":[{"embeddable":true,"href":"https:\/\/hvu-online.de\/index.php\/wp-json\/wp\/v2\/users\/2"}],"replies":[{"embeddable":true,"href":"https:\/\/hvu-online.de\/index.php\/wp-json\/wp\/v2\/comments?post=1718"}],"version-history":[{"count":220,"href":"https:\/\/hvu-online.de\/index.php\/wp-json\/wp\/v2\/posts\/1718\/revisions"}],"predecessor-version":[{"id":1982,"href":"https:\/\/hvu-online.de\/index.php\/wp-json\/wp\/v2\/posts\/1718\/revisions\/1982"}],"wp:featuredmedia":[{"embeddable":true,"href":"https:\/\/hvu-online.de\/index.php\/wp-json\/wp\/v2\/media\/1784"}],"wp:attachment":[{"href":"https:\/\/hvu-online.de\/index.php\/wp-json\/wp\/v2\/media?parent=1718"}],"wp:term":[{"taxonomy":"category","embeddable":true,"href":"https:\/\/hvu-online.de\/index.php\/wp-json\/wp\/v2\/categories?post=1718"},{"taxonomy":"post_tag","embeddable":true,"href":"https:\/\/hvu-online.de\/index.php\/wp-json\/wp\/v2\/tags?post=1718"}],"curies":[{"name":"wp","href":"https:\/\/api.w.org\/{rel}","templated":true}]}}