{"id":1394,"date":"2010-06-30T09:52:00","date_gmt":"2010-06-30T07:52:00","guid":{"rendered":"https:\/\/hvu-online.de\/?p=1394"},"modified":"2020-06-24T10:19:22","modified_gmt":"2020-06-24T08:19:22","slug":"halbjahresbericht-2010","status":"publish","type":"post","link":"https:\/\/hvu-online.de\/index.php\/2010\/06\/30\/halbjahresbericht-2010\/","title":{"rendered":"Halbjahresbericht 2010"},"content":{"rendered":"\t\t<div data-elementor-type=\"wp-post\" data-elementor-id=\"1394\" class=\"elementor elementor-1394\" data-elementor-post-type=\"post\">\n\t\t\t\t\t\t<section class=\"elementor-section elementor-top-section elementor-element elementor-element-d73467d elementor-section-boxed elementor-section-height-default elementor-section-height-default\" data-id=\"d73467d\" data-element_type=\"section\" data-e-type=\"section\">\n\t\t\t\t\t\t<div class=\"elementor-container elementor-column-gap-default\">\n\t\t\t\t\t<div class=\"elementor-column elementor-col-100 elementor-top-column elementor-element elementor-element-82bbad1\" data-id=\"82bbad1\" data-element_type=\"column\" data-e-type=\"column\">\n\t\t\t<div class=\"elementor-widget-wrap elementor-element-populated\">\n\t\t\t\t\t\t<div class=\"elementor-element elementor-element-b7f2b4a elementor-widget elementor-widget-heading\" data-id=\"b7f2b4a\" data-element_type=\"widget\" data-e-type=\"widget\" data-widget_type=\"heading.default\">\n\t\t\t\t\t<h1 class=\"elementor-heading-title elementor-size-default\">Halbjahresbericht 2010<\/h1>\t\t\t\t<\/div>\n\t\t\t\t<div class=\"elementor-element elementor-element-cb82712 elementor-widget elementor-widget-text-editor\" data-id=\"cb82712\" data-element_type=\"widget\" data-e-type=\"widget\" data-widget_type=\"text-editor.default\">\n\t\t\t\t\t\t\t\t\t<p>Vielleicht sind Sie schon auf Reisen oder werden demn\u00e4chst in den Urlaub starten. Oder Sie verbringen den Sommer zuhause, mit Ausfl\u00fcgen in die Umgebung, Baden oder im eigenen Garten.<\/p><p>Wir m\u00f6chten Sie gerne wieder \u00fcber Neuigkeiten aus unserer Arbeit, \u00fcber Hilfen und Projekte und die Lage in den Unterkarpaten informieren.<\/p><h2>Situation vor Ort<\/h2><p>Viktor Janukowitsch ist neuer Pr\u00e4sident der Ukraine. Nach westlichem Schubladen-Denken wird er als &#8222;pro russisch&#8220; bezeichnet. Tats\u00e4chlich hat sich seit seiner Amts\u00fcbernahme manches ge\u00e4ndert. So feierten beispielsweise bei den Mai-Feierlichkeiten Symbole aus der Sowjetzeit ihre &#8222;Auferstehung&#8220;, auf zahlreichen Gedenkfeiern wurde an den Sieg \u00fcber Hitlerdeutschland erinnert und die Kinder mussten zu entsprechenden Schulappellen antreten. Andererseits zahlen Kirchen f\u00fcr Energie nun nicht mehr den teuren Industrietarif, sondern die deutlich niedrigeren Preise wie Privathaushalte. Das f\u00fchrt insbesondere zu einer sp\u00fcrbaren Entlastung des Kostendrucks bei den Armenk\u00fcchen, der Brotb\u00e4ckerei der Diakonie oder in den Kinderheimen.<br \/>Auch die Parlamentswahlen in Ungarn sind f\u00fcr die Menschen in den Unterkarpaten von Bedeutung, unterst\u00fctzt doch der ungarische Staat die dortige Minderheit bei zahlreichen Vorhaben zum Beispiel in Bildung und Kultur.<br \/>Interessant ist, dass in beiden neuen Regierungen keine Frauen vertreten sind. W\u00e4hrend das &#8222;Frauenbild&#8220; der ungarischen Regierungspartei von westlichen Journalisten massiv kritisiert wurde, fand diese Situation in Kiew kaum Erw\u00e4hnung. Soviel zum Thema &#8222;objektive Berichterstattung&#8220; in unseren Medien.<\/p><h2>Pers\u00f6nliches<\/h2>\t\t\t\t\t\t\t\t<\/div>\n\t\t\t\t\t<\/div>\n\t\t<\/div>\n\t\t\t\t\t<\/div>\n\t\t<\/section>\n\t\t\t\t<section class=\"elementor-section elementor-top-section elementor-element elementor-element-4f2ee5c elementor-section-boxed elementor-section-height-default elementor-section-height-default\" data-id=\"4f2ee5c\" data-element_type=\"section\" data-e-type=\"section\">\n\t\t\t\t\t\t<div class=\"elementor-container elementor-column-gap-default\">\n\t\t\t\t\t<div class=\"elementor-column elementor-col-50 elementor-top-column elementor-element elementor-element-fbf1269\" data-id=\"fbf1269\" data-element_type=\"column\" data-e-type=\"column\">\n\t\t\t<div class=\"elementor-widget-wrap elementor-element-populated\">\n\t\t\t\t\t\t<div class=\"elementor-element elementor-element-21bdabf elementor-widget elementor-widget-image\" data-id=\"21bdabf\" data-element_type=\"widget\" data-e-type=\"widget\" data-widget_type=\"image.default\">\n\t\t\t\t\t\t\t\t\t\t\t\t\t\t\t\t<a href=\"https:\/\/hvu-online.de\/wp-content\/uploads\/2019\/08\/bischof.jpg\" data-elementor-open-lightbox=\"yes\" data-elementor-lightbox-title=\"bischof\" data-e-action-hash=\"#elementor-action%3Aaction%3Dlightbox%26settings%3DeyJpZCI6ODI4LCJ1cmwiOiJodHRwczpcL1wvaHZ1LW9ubGluZS5kZVwvd3AtY29udGVudFwvdXBsb2Fkc1wvMjAxOVwvMDhcL2Jpc2Nob2YuanBnIn0%3D\">\n\t\t\t\t\t\t\t<img fetchpriority=\"high\" decoding=\"async\" width=\"400\" height=\"300\" src=\"https:\/\/hvu-online.de\/wp-content\/uploads\/2019\/08\/bischof.jpg\" class=\"attachment-large size-large wp-image-828\" alt=\"\" srcset=\"https:\/\/hvu-online.de\/wp-content\/uploads\/2019\/08\/bischof.jpg 400w, https:\/\/hvu-online.de\/wp-content\/uploads\/2019\/08\/bischof-300x225.jpg 300w\" sizes=\"(max-width: 400px) 100vw, 400px\" \/>\t\t\t\t\t\t\t\t<\/a>\n\t\t\t\t\t\t\t\t\t\t\t\t\t\t\t<\/div>\n\t\t\t\t\t<\/div>\n\t\t<\/div>\n\t\t\t\t<div class=\"elementor-column elementor-col-50 elementor-top-column elementor-element elementor-element-d3edb97\" data-id=\"d3edb97\" data-element_type=\"column\" data-e-type=\"column\">\n\t\t\t<div class=\"elementor-widget-wrap elementor-element-populated\">\n\t\t\t\t\t\t<div class=\"elementor-element elementor-element-e8a12e7 elementor-widget elementor-widget-image\" data-id=\"e8a12e7\" data-element_type=\"widget\" data-e-type=\"widget\" data-widget_type=\"image.default\">\n\t\t\t\t\t\t\t\t\t\t\t\t\t\t\t\t<a href=\"https:\/\/hvu-online.de\/wp-content\/uploads\/2019\/08\/orden.jpg\" data-elementor-open-lightbox=\"yes\" data-elementor-lightbox-title=\"orden\" data-e-action-hash=\"#elementor-action%3Aaction%3Dlightbox%26settings%3DeyJpZCI6ODQ3LCJ1cmwiOiJodHRwczpcL1wvaHZ1LW9ubGluZS5kZVwvd3AtY29udGVudFwvdXBsb2Fkc1wvMjAxOVwvMDhcL29yZGVuLmpwZyJ9\">\n\t\t\t\t\t\t\t<img decoding=\"async\" width=\"400\" height=\"300\" src=\"https:\/\/hvu-online.de\/wp-content\/uploads\/2019\/08\/orden.jpg\" class=\"attachment-large size-large wp-image-847\" alt=\"\" srcset=\"https:\/\/hvu-online.de\/wp-content\/uploads\/2019\/08\/orden.jpg 400w, https:\/\/hvu-online.de\/wp-content\/uploads\/2019\/08\/orden-300x225.jpg 300w\" sizes=\"(max-width: 400px) 100vw, 400px\" \/>\t\t\t\t\t\t\t\t<\/a>\n\t\t\t\t\t\t\t\t\t\t\t\t\t\t\t<\/div>\n\t\t\t\t\t<\/div>\n\t\t<\/div>\n\t\t\t\t\t<\/div>\n\t\t<\/section>\n\t\t\t\t<section class=\"elementor-section elementor-top-section elementor-element elementor-element-d3cf17f elementor-section-boxed elementor-section-height-default elementor-section-height-default\" data-id=\"d3cf17f\" data-element_type=\"section\" data-e-type=\"section\">\n\t\t\t\t\t\t<div class=\"elementor-container elementor-column-gap-default\">\n\t\t\t\t\t<div class=\"elementor-column elementor-col-100 elementor-top-column elementor-element elementor-element-6e7f8bf\" data-id=\"6e7f8bf\" data-element_type=\"column\" data-e-type=\"column\">\n\t\t\t<div class=\"elementor-widget-wrap elementor-element-populated\">\n\t\t\t\t\t\t<div class=\"elementor-element elementor-element-96cb85a elementor-widget elementor-widget-text-editor\" data-id=\"96cb85a\" data-element_type=\"widget\" data-e-type=\"widget\" data-widget_type=\"text-editor.default\">\n\t\t\t\t\t\t\t\t\t<p>Bischof S\u00e1ndor Z\u00e1n F\u00e1bi\u00e1n (Mitte) w\u00e4hrend der Auszeichnung \/\u00a0Offizierskreuz des Verdienstordens der Republik Ungarn (links)<br \/>Am 12. M\u00e4rz 2010 wurde der Bischof der Reformierten Kirche der Unterkarpaten, S\u00e1ndor Z\u00e1n F\u00e1bi\u00e1n, f\u00fcr seine Verdienste f\u00fcr die ungarische Minderheit und die reformierte Kirche in den Unterkarpaten mit dem Offizierskreuz des Verdienstordens der Republik Ungarn ausgezeichnet. Er ist der zweite Empf\u00e4nger dieser hohen Auszeichnung auf dem Gebiet der heutigen Ukraine. Wir gratulieren dazu sehr herzlich.<br \/>Pfarrer P\u00e9ter Szeghlj\u00e1nik war mit freiwilligen Helfern aus seiner Kirchgemeinde in den vergangenen Wochen im Rahmen der Hochwasserkatastrophe in Nordungarn im Einsatz.<\/p><h2>Hilfstransporte<\/h2><p>Im ersten Halbjahr konnten wir drei unterschiedlich gro\u00dfe Hilfstransporte auf den Weg in die Unterkarpaten bringen. Dabei wurden u. A. auch Geschirr, Lampen und verschiedene Haushaltsgegenst\u00e4nde f\u00fcr Familie Ombodi in Nagybereg transportiert (lesen Sie dazu auch unter \u201eProjekte und Unterst\u00fctzungen\u201c).<\/p><p>Bei unserem Besuch im Mai wurden wir noch einmal auf den Windeltransport im letzten Jahr angesprochen. Was f\u00fcr eine enorm gro\u00dfe Hilfe das f\u00fcr die Betroffenen war, wurde uns besonders deutlich, als wir erfuhren, dass ein Paket Erwachsenen-Windeln dort umgerechnet rund 17 Euro kostet und man die einzelne Windel auch f\u00fcr ca. 60 Cent kaufen kann. Im Vergleich dazu betr\u00e4gt eine durchschnittliche Rente zwischen 60 und 80 Euro pro Monat.<\/p><h2>Besondere Veranstaltungen und Pr\u00e4sentationen unserer Arbeit<\/h2>\t\t\t\t\t\t\t\t<\/div>\n\t\t\t\t\t<\/div>\n\t\t<\/div>\n\t\t\t\t\t<\/div>\n\t\t<\/section>\n\t\t\t\t<section class=\"elementor-section elementor-top-section elementor-element elementor-element-d129321 elementor-section-boxed elementor-section-height-default elementor-section-height-default\" data-id=\"d129321\" data-element_type=\"section\" data-e-type=\"section\">\n\t\t\t\t\t\t<div class=\"elementor-container elementor-column-gap-default\">\n\t\t\t\t\t<div class=\"elementor-column elementor-col-50 elementor-top-column elementor-element elementor-element-e17b38b\" data-id=\"e17b38b\" data-element_type=\"column\" data-e-type=\"column\">\n\t\t\t<div class=\"elementor-widget-wrap elementor-element-populated\">\n\t\t\t\t\t\t<div class=\"elementor-element elementor-element-86f6767 elementor-widget elementor-widget-image\" data-id=\"86f6767\" data-element_type=\"widget\" data-e-type=\"widget\" data-widget_type=\"image.default\">\n\t\t\t\t\t\t\t\t\t\t\t\t<figure class=\"wp-caption\">\n\t\t\t\t\t\t\t\t\t\t\t<a href=\"https:\/\/hvu-online.de\/wp-content\/uploads\/2019\/08\/lemberger.jpg\" data-elementor-open-lightbox=\"yes\" data-elementor-lightbox-title=\"lemberger\" data-elementor-lightbox-description=\"Ausstellungser\u00f6ffnung mit Evi Lemberger (links) und B\u00fcrgermeister Volker Bachmann (Mitte)\" data-e-action-hash=\"#elementor-action%3Aaction%3Dlightbox%26settings%3DeyJpZCI6ODQ0LCJ1cmwiOiJodHRwczpcL1wvaHZ1LW9ubGluZS5kZVwvd3AtY29udGVudFwvdXBsb2Fkc1wvMjAxOVwvMDhcL2xlbWJlcmdlci5qcGcifQ%3D%3D\">\n\t\t\t\t\t\t\t<img decoding=\"async\" width=\"400\" height=\"300\" src=\"https:\/\/hvu-online.de\/wp-content\/uploads\/2019\/08\/lemberger.jpg\" class=\"attachment-large size-large wp-image-844\" alt=\"\" srcset=\"https:\/\/hvu-online.de\/wp-content\/uploads\/2019\/08\/lemberger.jpg 400w, https:\/\/hvu-online.de\/wp-content\/uploads\/2019\/08\/lemberger-300x225.jpg 300w\" sizes=\"(max-width: 400px) 100vw, 400px\" \/>\t\t\t\t\t\t\t\t<\/a>\n\t\t\t\t\t\t\t\t\t\t\t<figcaption class=\"widget-image-caption wp-caption-text\">Ausstellungser\u00f6ffnung mit Evi Lemberger (links) und B\u00fcrgermeister Volker Bachmann (Mitte)<\/figcaption>\n\t\t\t\t\t\t\t\t\t\t<\/figure>\n\t\t\t\t\t\t\t\t\t<\/div>\n\t\t\t\t\t<\/div>\n\t\t<\/div>\n\t\t\t\t<div class=\"elementor-column elementor-col-50 elementor-top-column elementor-element elementor-element-46ff5b2\" data-id=\"46ff5b2\" data-element_type=\"column\" data-e-type=\"column\">\n\t\t\t<div class=\"elementor-widget-wrap elementor-element-populated\">\n\t\t\t\t\t\t<div class=\"elementor-element elementor-element-ae13d21 elementor-widget elementor-widget-image\" data-id=\"ae13d21\" data-element_type=\"widget\" data-e-type=\"widget\" data-widget_type=\"image.default\">\n\t\t\t\t\t\t\t\t\t\t\t\t<figure class=\"wp-caption\">\n\t\t\t\t\t\t\t\t\t\t\t<a href=\"https:\/\/hvu-online.de\/wp-content\/uploads\/2019\/08\/kapelle.jpg\" data-elementor-open-lightbox=\"yes\" data-elementor-lightbox-title=\"kapelle\" data-elementor-lightbox-description=\"Musikverein Mylau\/Reichenbach e.V.\" data-e-action-hash=\"#elementor-action%3Aaction%3Dlightbox%26settings%3DeyJpZCI6ODM4LCJ1cmwiOiJodHRwczpcL1wvaHZ1LW9ubGluZS5kZVwvd3AtY29udGVudFwvdXBsb2Fkc1wvMjAxOVwvMDhcL2thcGVsbGUuanBnIn0%3D\">\n\t\t\t\t\t\t\t<img loading=\"lazy\" decoding=\"async\" width=\"448\" height=\"288\" src=\"https:\/\/hvu-online.de\/wp-content\/uploads\/2019\/08\/kapelle.jpg\" class=\"attachment-large size-large wp-image-838\" alt=\"\" srcset=\"https:\/\/hvu-online.de\/wp-content\/uploads\/2019\/08\/kapelle.jpg 448w, https:\/\/hvu-online.de\/wp-content\/uploads\/2019\/08\/kapelle-300x193.jpg 300w\" sizes=\"(max-width: 448px) 100vw, 448px\" \/>\t\t\t\t\t\t\t\t<\/a>\n\t\t\t\t\t\t\t\t\t\t\t<figcaption class=\"widget-image-caption wp-caption-text\">Musikverein Mylau\/Reichenbach e.V.<\/figcaption>\n\t\t\t\t\t\t\t\t\t\t<\/figure>\n\t\t\t\t\t\t\t\t\t<\/div>\n\t\t\t\t\t<\/div>\n\t\t<\/div>\n\t\t\t\t\t<\/div>\n\t\t<\/section>\n\t\t\t\t<section class=\"elementor-section elementor-top-section elementor-element elementor-element-4127e38 elementor-section-boxed elementor-section-height-default elementor-section-height-default\" data-id=\"4127e38\" data-element_type=\"section\" data-e-type=\"section\">\n\t\t\t\t\t\t<div class=\"elementor-container elementor-column-gap-default\">\n\t\t\t\t\t<div class=\"elementor-column elementor-col-100 elementor-top-column elementor-element elementor-element-12bdd7f\" data-id=\"12bdd7f\" data-element_type=\"column\" data-e-type=\"column\">\n\t\t\t<div class=\"elementor-widget-wrap elementor-element-populated\">\n\t\t\t\t\t\t<div class=\"elementor-element elementor-element-9521076 elementor-widget elementor-widget-text-editor\" data-id=\"9521076\" data-element_type=\"widget\" data-e-type=\"widget\" data-widget_type=\"text-editor.default\">\n\t\t\t\t\t\t\t\t\t<p>Unter dem Titel \u201eEin Nichtort \u2013 oder Die Galoschen des Gl\u00fccks\u201c stand eine Ausstellung mit ungew\u00f6hnlichen Aufnahmen von Evi Lemberger im Lengenfelder Ratssaal Ende April. Zu sehen war eine kleine Auswahl aus den rund 1500 w\u00e4hrend einer vierw\u00f6chigen Reise durch die Unterkarpaten im Fr\u00fchjahr 2009 entstandenen Fotos mit einer ganz eigenen Interpretation dieser Region.<\/p><p>Die Ausstellung in Lengenfeld zeigte die Aufnahmen erstmals in Deutschland in ihrer Gesamtheit. Zur Er\u00f6ffnung mit dem B\u00fcrgermeister und musikalischer Umrahmung durch die Familie D\u00f6rfel aus Lengenfeld kam Evi Lemberger extra aus England angereist.<\/p><p>Erst vor wenigen Tagen fand das Benefizkonzert des Musikvereins Mylau\/Reichenbach zugunsten unseres Projektes \u201eJosef\u201c auf der Freilichtb\u00fchne im Stadtpark Lengenfeld statt. Bei herrlichstem Sommerwetter konnten die zahlreichen Zuh\u00f6rer ein wirklich abwechslungsreiches Programm erleben, von den Sitzb\u00e4nken aus Sonne tanken oder aus dem Schatten der B\u00e4ume heraus den wunderbaren Ausblick auf die Stadt genie\u00dfen, mit Bratwurst und Getr\u00e4nken f\u00fcr den guten Zweck essen und trinken und nat\u00fcrlich direkt f\u00fcr das Projekt spenden.<\/p><p>Pr\u00e4sentationen \u00fcber die Arbeit des Hilfsvereins Unterkarpaten erfolgten dar\u00fcber hinaus auf dem \u201eMarkt der M\u00f6glichkeiten\u201c im Rahmen der Landeskonferenz des S\u00e4chsischen Gemeinschafts- und EC-Verbandes Anfang Mai in der Stadthalle Zwickau und am ersten Juni-Wochenende bei der \u201eProschwitzer Parklust\u201c. Alexandra Prinzessin zur Lippe hatte uns zum wiederholten Male einen Informationsstand bei einer der Veranstaltungen auf Schloss Proschwitz erm\u00f6glicht. Wir haben uns wie immer in der nahezu famili\u00e4ren Atmosph\u00e4re sehr wohl und willkommen gef\u00fchlt.<\/p>\t\t\t\t\t\t\t\t<\/div>\n\t\t\t\t\t<\/div>\n\t\t<\/div>\n\t\t\t\t\t<\/div>\n\t\t<\/section>\n\t\t\t\t<section class=\"elementor-section elementor-top-section elementor-element elementor-element-ffb5391 elementor-section-boxed elementor-section-height-default elementor-section-height-default\" data-id=\"ffb5391\" data-element_type=\"section\" data-e-type=\"section\">\n\t\t\t\t\t\t<div class=\"elementor-container elementor-column-gap-default\">\n\t\t\t\t\t<div class=\"elementor-column elementor-col-33 elementor-top-column elementor-element elementor-element-6a760e6\" data-id=\"6a760e6\" data-element_type=\"column\" data-e-type=\"column\">\n\t\t\t<div class=\"elementor-widget-wrap elementor-element-populated\">\n\t\t\t\t\t\t<div class=\"elementor-element elementor-element-ea25af7 elementor-widget elementor-widget-image\" data-id=\"ea25af7\" data-element_type=\"widget\" data-e-type=\"widget\" data-widget_type=\"image.default\">\n\t\t\t\t\t\t\t\t\t\t\t\t<figure class=\"wp-caption\">\n\t\t\t\t\t\t\t\t\t\t\t<a href=\"https:\/\/hvu-online.de\/wp-content\/uploads\/2019\/08\/prinzessin.jpg\" data-elementor-open-lightbox=\"yes\" data-elementor-lightbox-title=\"prinzessin\" data-elementor-lightbox-description=\"Alexandra Prinzessin zur Lippe und HVU-Gesch\u00e4ftsf\u00fchrer Christian Ehrler\" data-e-action-hash=\"#elementor-action%3Aaction%3Dlightbox%26settings%3DeyJpZCI6ODQ5LCJ1cmwiOiJodHRwczpcL1wvaHZ1LW9ubGluZS5kZVwvd3AtY29udGVudFwvdXBsb2Fkc1wvMjAxOVwvMDhcL3ByaW56ZXNzaW4uanBnIn0%3D\">\n\t\t\t\t\t\t\t<img loading=\"lazy\" decoding=\"async\" width=\"400\" height=\"300\" src=\"https:\/\/hvu-online.de\/wp-content\/uploads\/2019\/08\/prinzessin.jpg\" class=\"attachment-large size-large wp-image-849\" alt=\"\" srcset=\"https:\/\/hvu-online.de\/wp-content\/uploads\/2019\/08\/prinzessin.jpg 400w, https:\/\/hvu-online.de\/wp-content\/uploads\/2019\/08\/prinzessin-300x225.jpg 300w\" sizes=\"(max-width: 400px) 100vw, 400px\" \/>\t\t\t\t\t\t\t\t<\/a>\n\t\t\t\t\t\t\t\t\t\t\t<figcaption class=\"widget-image-caption wp-caption-text\">Alexandra Prinzessin zur Lippe und HVU-Gesch\u00e4ftsf\u00fchrer Christian Ehrler<\/figcaption>\n\t\t\t\t\t\t\t\t\t\t<\/figure>\n\t\t\t\t\t\t\t\t\t<\/div>\n\t\t\t\t\t<\/div>\n\t\t<\/div>\n\t\t\t\t<div class=\"elementor-column elementor-col-33 elementor-top-column elementor-element elementor-element-e4a82b6\" data-id=\"e4a82b6\" data-element_type=\"column\" data-e-type=\"column\">\n\t\t\t<div class=\"elementor-widget-wrap elementor-element-populated\">\n\t\t\t\t\t\t<div class=\"elementor-element elementor-element-79d5973 elementor-widget elementor-widget-image\" data-id=\"79d5973\" data-element_type=\"widget\" data-e-type=\"widget\" data-widget_type=\"image.default\">\n\t\t\t\t\t\t\t\t\t\t\t\t<figure class=\"wp-caption\">\n\t\t\t\t\t\t\t\t\t\t\t<a href=\"https:\/\/hvu-online.de\/wp-content\/uploads\/2019\/08\/park.jpg\" data-elementor-open-lightbox=\"yes\" data-elementor-lightbox-title=\"park\" data-elementor-lightbox-description=\"Proschwitzer Parklust\" data-e-action-hash=\"#elementor-action%3Aaction%3Dlightbox%26settings%3DeyJpZCI6ODQ4LCJ1cmwiOiJodHRwczpcL1wvaHZ1LW9ubGluZS5kZVwvd3AtY29udGVudFwvdXBsb2Fkc1wvMjAxOVwvMDhcL3BhcmsuanBnIn0%3D\">\n\t\t\t\t\t\t\t<img loading=\"lazy\" decoding=\"async\" width=\"400\" height=\"300\" src=\"https:\/\/hvu-online.de\/wp-content\/uploads\/2019\/08\/park.jpg\" class=\"attachment-large size-large wp-image-848\" alt=\"\" srcset=\"https:\/\/hvu-online.de\/wp-content\/uploads\/2019\/08\/park.jpg 400w, https:\/\/hvu-online.de\/wp-content\/uploads\/2019\/08\/park-300x225.jpg 300w\" sizes=\"(max-width: 400px) 100vw, 400px\" \/>\t\t\t\t\t\t\t\t<\/a>\n\t\t\t\t\t\t\t\t\t\t\t<figcaption class=\"widget-image-caption wp-caption-text\">Proschwitzer Parklust<\/figcaption>\n\t\t\t\t\t\t\t\t\t\t<\/figure>\n\t\t\t\t\t\t\t\t\t<\/div>\n\t\t\t\t\t<\/div>\n\t\t<\/div>\n\t\t\t\t<div class=\"elementor-column elementor-col-33 elementor-top-column elementor-element elementor-element-74219b6\" data-id=\"74219b6\" data-element_type=\"column\" data-e-type=\"column\">\n\t\t\t<div class=\"elementor-widget-wrap elementor-element-populated\">\n\t\t\t\t\t\t<div class=\"elementor-element elementor-element-90a45b3 elementor-widget elementor-widget-image\" data-id=\"90a45b3\" data-element_type=\"widget\" data-e-type=\"widget\" data-widget_type=\"image.default\">\n\t\t\t\t\t\t\t\t\t\t\t\t\t\t\t\t<a href=\"https:\/\/hvu-online.de\/wp-content\/uploads\/2019\/08\/ausstellung-hj.jpg\" data-elementor-open-lightbox=\"yes\" data-elementor-lightbox-title=\"ausstellung-hj\" data-e-action-hash=\"#elementor-action%3Aaction%3Dlightbox%26settings%3DeyJpZCI6ODI2LCJ1cmwiOiJodHRwczpcL1wvaHZ1LW9ubGluZS5kZVwvd3AtY29udGVudFwvdXBsb2Fkc1wvMjAxOVwvMDhcL2F1c3N0ZWxsdW5nLWhqLmpwZyJ9\">\n\t\t\t\t\t\t\t<img loading=\"lazy\" decoding=\"async\" width=\"400\" height=\"300\" src=\"https:\/\/hvu-online.de\/wp-content\/uploads\/2019\/08\/ausstellung-hj.jpg\" class=\"attachment-large size-large wp-image-826\" alt=\"\" srcset=\"https:\/\/hvu-online.de\/wp-content\/uploads\/2019\/08\/ausstellung-hj.jpg 400w, https:\/\/hvu-online.de\/wp-content\/uploads\/2019\/08\/ausstellung-hj-300x225.jpg 300w\" sizes=\"(max-width: 400px) 100vw, 400px\" \/>\t\t\t\t\t\t\t\t<\/a>\n\t\t\t\t\t\t\t\t\t\t\t\t\t\t\t<\/div>\n\t\t\t\t\t<\/div>\n\t\t<\/div>\n\t\t\t\t\t<\/div>\n\t\t<\/section>\n\t\t\t\t<section class=\"elementor-section elementor-top-section elementor-element elementor-element-790abbe elementor-section-boxed elementor-section-height-default elementor-section-height-default\" data-id=\"790abbe\" data-element_type=\"section\" data-e-type=\"section\">\n\t\t\t\t\t\t<div class=\"elementor-container elementor-column-gap-default\">\n\t\t\t\t\t<div class=\"elementor-column elementor-col-100 elementor-top-column elementor-element elementor-element-90812a9\" data-id=\"90812a9\" data-element_type=\"column\" data-e-type=\"column\">\n\t\t\t<div class=\"elementor-widget-wrap elementor-element-populated\">\n\t\t\t\t\t\t<div class=\"elementor-element elementor-element-08c45fb elementor-widget elementor-widget-text-editor\" data-id=\"08c45fb\" data-element_type=\"widget\" data-e-type=\"widget\" data-widget_type=\"text-editor.default\">\n\t\t\t\t\t\t\t\t\t<p>Bereits heute m\u00f6chten wir Sie auf einen weiteren H\u00f6hepunkt hinweisen. Anfang Dezember wird in der Kirche Lengenfeld ein Adventskonzert mit Gunther Emmerlich stattfinden. \u00dcber n\u00e4here Einzelheiten werden wir rechtzeitig informieren.<\/p><h2>Projekte und Unterst\u00fctzungen<\/h2><p>J\u00f3zsef ist nun ein richtiges Schulkind und hat sein erstes Schuljahr erfolgreich abgeschlossen. Wie seine Eltern berichten, sind seine Mitsch\u00fcler sehr hilfsbereit und sofort zur Stelle, wenn J\u00f3zsef Unterst\u00fctzung braucht. Wie jeder andere Sch\u00fcler auch hat er St\u00e4rken und Schw\u00e4chen, geht gern zur Schule und manchmal auch nicht, ist meist lieb, aber gelegentlich muss die Lehrerin auch mit ihm schimpfen. Seine letzte Behandlung in Truskavec war Ende April. Mitte August wird er wieder dort sein. Wie positiv die \u00c4rzte seine bisherigen Behandlungserfolge einsch\u00e4tzen, zeigt sich beispielsweise daran, dass er k\u00fcrzlich einen \u201egro\u00dfen Auftritt\u201c in einem Werbefilm der Klinik f\u00fcr potentielle neue Patienten aus Kuweit hatte.<br \/>Seine Eltern sind gl\u00fccklich \u00fcber die Fortschritte, die J\u00f3zsef macht und sehr dankbar f\u00fcr die Finanzierung der Behandlung, die ohne unsere Hilfe unm\u00f6glich w\u00e4re. Spenden f\u00fcr seine weiteren Behandlungen erbitten wir auf unser Konto mit dem Kennwort: <b>Josef<\/b>.<\/p>\t\t\t\t\t\t\t\t<\/div>\n\t\t\t\t\t<\/div>\n\t\t<\/div>\n\t\t\t\t\t<\/div>\n\t\t<\/section>\n\t\t\t\t<section class=\"elementor-section elementor-top-section elementor-element elementor-element-55add32 elementor-section-boxed elementor-section-height-default elementor-section-height-default\" data-id=\"55add32\" data-element_type=\"section\" data-e-type=\"section\">\n\t\t\t\t\t\t<div class=\"elementor-container elementor-column-gap-default\">\n\t\t\t\t\t<div class=\"elementor-column elementor-col-50 elementor-top-column elementor-element elementor-element-3593324\" data-id=\"3593324\" data-element_type=\"column\" data-e-type=\"column\">\n\t\t\t<div class=\"elementor-widget-wrap elementor-element-populated\">\n\t\t\t\t\t\t<div class=\"elementor-element elementor-element-3f8a394 elementor-widget elementor-widget-image\" data-id=\"3f8a394\" data-element_type=\"widget\" data-e-type=\"widget\" data-widget_type=\"image.default\">\n\t\t\t\t\t\t\t\t\t\t\t\t<figure class=\"wp-caption\">\n\t\t\t\t\t\t\t\t\t\t\t<a href=\"https:\/\/hvu-online.de\/wp-content\/uploads\/2019\/08\/josef-hj.jpg\" data-elementor-open-lightbox=\"yes\" data-elementor-lightbox-title=\"josef-hj\" data-elementor-lightbox-description=\"J\u00f3zsef beim Lauftraining\" data-e-action-hash=\"#elementor-action%3Aaction%3Dlightbox%26settings%3DeyJpZCI6ODM1LCJ1cmwiOiJodHRwczpcL1wvaHZ1LW9ubGluZS5kZVwvd3AtY29udGVudFwvdXBsb2Fkc1wvMjAxOVwvMDhcL2pvc2VmLWhqLmpwZyJ9\">\n\t\t\t\t\t\t\t<img loading=\"lazy\" decoding=\"async\" width=\"400\" height=\"300\" src=\"https:\/\/hvu-online.de\/wp-content\/uploads\/2019\/08\/josef-hj.jpg\" class=\"attachment-large size-large wp-image-835\" alt=\"\" srcset=\"https:\/\/hvu-online.de\/wp-content\/uploads\/2019\/08\/josef-hj.jpg 400w, https:\/\/hvu-online.de\/wp-content\/uploads\/2019\/08\/josef-hj-300x225.jpg 300w\" sizes=\"(max-width: 400px) 100vw, 400px\" \/>\t\t\t\t\t\t\t\t<\/a>\n\t\t\t\t\t\t\t\t\t\t\t<figcaption class=\"widget-image-caption wp-caption-text\">J\u00f3zsef beim Lauftraining<\/figcaption>\n\t\t\t\t\t\t\t\t\t\t<\/figure>\n\t\t\t\t\t\t\t\t\t<\/div>\n\t\t\t\t\t<\/div>\n\t\t<\/div>\n\t\t\t\t<div class=\"elementor-column elementor-col-50 elementor-top-column elementor-element elementor-element-e8ee354\" data-id=\"e8ee354\" data-element_type=\"column\" data-e-type=\"column\">\n\t\t\t<div class=\"elementor-widget-wrap elementor-element-populated\">\n\t\t\t\t\t\t<div class=\"elementor-element elementor-element-80d8ebd elementor-widget elementor-widget-image\" data-id=\"80d8ebd\" data-element_type=\"widget\" data-e-type=\"widget\" data-widget_type=\"image.default\">\n\t\t\t\t\t\t\t\t\t\t\t\t<figure class=\"wp-caption\">\n\t\t\t\t\t\t\t\t\t\t\t<a href=\"https:\/\/hvu-online.de\/wp-content\/uploads\/2019\/08\/schreibheft.jpg\" data-elementor-open-lightbox=\"yes\" data-elementor-lightbox-title=\"schreibheft\" data-elementor-lightbox-description=\"Blick ins Schreibheft\" data-e-action-hash=\"#elementor-action%3Aaction%3Dlightbox%26settings%3DeyJpZCI6ODUyLCJ1cmwiOiJodHRwczpcL1wvaHZ1LW9ubGluZS5kZVwvd3AtY29udGVudFwvdXBsb2Fkc1wvMjAxOVwvMDhcL3NjaHJlaWJoZWZ0LmpwZyJ9\">\n\t\t\t\t\t\t\t<img loading=\"lazy\" decoding=\"async\" width=\"400\" height=\"300\" src=\"https:\/\/hvu-online.de\/wp-content\/uploads\/2019\/08\/schreibheft.jpg\" class=\"attachment-large size-large wp-image-852\" alt=\"\" srcset=\"https:\/\/hvu-online.de\/wp-content\/uploads\/2019\/08\/schreibheft.jpg 400w, https:\/\/hvu-online.de\/wp-content\/uploads\/2019\/08\/schreibheft-300x225.jpg 300w\" sizes=\"(max-width: 400px) 100vw, 400px\" \/>\t\t\t\t\t\t\t\t<\/a>\n\t\t\t\t\t\t\t\t\t\t\t<figcaption class=\"widget-image-caption wp-caption-text\">Blick ins Schreibheft<\/figcaption>\n\t\t\t\t\t\t\t\t\t\t<\/figure>\n\t\t\t\t\t\t\t\t\t<\/div>\n\t\t\t\t\t<\/div>\n\t\t<\/div>\n\t\t\t\t\t<\/div>\n\t\t<\/section>\n\t\t\t\t<section class=\"elementor-section elementor-top-section elementor-element elementor-element-ebac03c elementor-section-boxed elementor-section-height-default elementor-section-height-default\" data-id=\"ebac03c\" data-element_type=\"section\" data-e-type=\"section\">\n\t\t\t\t\t\t<div class=\"elementor-container elementor-column-gap-default\">\n\t\t\t\t\t<div class=\"elementor-column elementor-col-100 elementor-top-column elementor-element elementor-element-a391339\" data-id=\"a391339\" data-element_type=\"column\" data-e-type=\"column\">\n\t\t\t<div class=\"elementor-widget-wrap elementor-element-populated\">\n\t\t\t\t\t\t<div class=\"elementor-element elementor-element-9579546 elementor-widget elementor-widget-text-editor\" data-id=\"9579546\" data-element_type=\"widget\" data-e-type=\"widget\" data-widget_type=\"text-editor.default\">\n\t\t\t\t\t\t\t\t\t<p>Im Dezember berichtete ich Ihnen \u00fcber die kleine Anna Balogh und ihre ganz andere Behinderung. Damals hatte sich eine M\u00f6glichkeit zur Therapie in Ungv\u00e1r ergeben. Das bedeutete jedoch, dass der Vater zweimal pro Woche mit dem uralten Familienauto Marke \u201eLada\u201c in die 90 km entfernte Gebietshauptstadt fahren musste. Enorme Strapazen f\u00fcr das behinderte kleine M\u00e4dchen eingeschlossen. Inzwischen hat sich auch hier eine gute L\u00f6sung ergeben. Von der Diakonie wurde f\u00fcr die Behandlung ein Raum zur Verf\u00fcgung gestellt und die Therapeutin kommt jetzt an zwei Tagen in der Woche nach Beregsz\u00e1sz. F\u00fcr Anna und mittlerweile drei weitere, verschieden behinderte Kinder im Alter zwischen 3 und 11 Jahren gibt es kurze Anfahrtswege und wenig Belastung.<br \/>Die Fahrtkosten f\u00fcr die Therapeutin und die Behandlung werden von uns finanziert.<\/p>\t\t\t\t\t\t\t\t<\/div>\n\t\t\t\t\t<\/div>\n\t\t<\/div>\n\t\t\t\t\t<\/div>\n\t\t<\/section>\n\t\t\t\t<section class=\"elementor-section elementor-top-section elementor-element elementor-element-45ee918 elementor-section-boxed elementor-section-height-default elementor-section-height-default\" data-id=\"45ee918\" data-element_type=\"section\" data-e-type=\"section\">\n\t\t\t\t\t\t<div class=\"elementor-container elementor-column-gap-default\">\n\t\t\t\t\t<div class=\"elementor-column elementor-col-50 elementor-top-column elementor-element elementor-element-0210500\" data-id=\"0210500\" data-element_type=\"column\" data-e-type=\"column\">\n\t\t\t<div class=\"elementor-widget-wrap elementor-element-populated\">\n\t\t\t\t\t\t<div class=\"elementor-element elementor-element-8c1923a elementor-widget elementor-widget-image\" data-id=\"8c1923a\" data-element_type=\"widget\" data-e-type=\"widget\" data-widget_type=\"image.default\">\n\t\t\t\t\t\t\t\t\t\t\t\t<figure class=\"wp-caption\">\n\t\t\t\t\t\t\t\t\t\t\t<a href=\"https:\/\/hvu-online.de\/wp-content\/uploads\/2019\/08\/ombodi.jpg\" data-elementor-open-lightbox=\"yes\" data-elementor-lightbox-title=\"ombodi\" data-elementor-lightbox-description=\"Ehepaar Ombodi junior, HVU-Gesch\u00e4ftsf\u00fchrer Christian Ehrler,\nBischof S\u00e1ndor Z\u00e1n F\u00e1bi\u00e1n, Ehepaar Ombodi senior (v.l.n.r.)\" data-e-action-hash=\"#elementor-action%3Aaction%3Dlightbox%26settings%3DeyJpZCI6ODQ2LCJ1cmwiOiJodHRwczpcL1wvaHZ1LW9ubGluZS5kZVwvd3AtY29udGVudFwvdXBsb2Fkc1wvMjAxOVwvMDhcL29tYm9kaS5qcGcifQ%3D%3D\">\n\t\t\t\t\t\t\t<img loading=\"lazy\" decoding=\"async\" width=\"400\" height=\"300\" src=\"https:\/\/hvu-online.de\/wp-content\/uploads\/2019\/08\/ombodi.jpg\" class=\"attachment-large size-large wp-image-846\" alt=\"\" srcset=\"https:\/\/hvu-online.de\/wp-content\/uploads\/2019\/08\/ombodi.jpg 400w, https:\/\/hvu-online.de\/wp-content\/uploads\/2019\/08\/ombodi-300x225.jpg 300w\" sizes=\"(max-width: 400px) 100vw, 400px\" \/>\t\t\t\t\t\t\t\t<\/a>\n\t\t\t\t\t\t\t\t\t\t\t<figcaption class=\"widget-image-caption wp-caption-text\">Ehepaar Ombodi junior, HVU-Gesch\u00e4ftsf\u00fchrer Christian Ehrler,\nBischof S\u00e1ndor Z\u00e1n F\u00e1bi\u00e1n, Ehepaar Ombodi senior (v.l.n.r.)<\/figcaption>\n\t\t\t\t\t\t\t\t\t\t<\/figure>\n\t\t\t\t\t\t\t\t\t<\/div>\n\t\t\t\t\t<\/div>\n\t\t<\/div>\n\t\t\t\t<div class=\"elementor-column elementor-col-50 elementor-top-column elementor-element elementor-element-fd4496f\" data-id=\"fd4496f\" data-element_type=\"column\" data-e-type=\"column\">\n\t\t\t<div class=\"elementor-widget-wrap elementor-element-populated\">\n\t\t\t\t\t\t<div class=\"elementor-element elementor-element-8af9d21 elementor-widget elementor-widget-image\" data-id=\"8af9d21\" data-element_type=\"widget\" data-e-type=\"widget\" data-widget_type=\"image.default\">\n\t\t\t\t\t\t\t\t\t\t\t\t<figure class=\"wp-caption\">\n\t\t\t\t\t\t\t\t\t\t\t<a href=\"https:\/\/hvu-online.de\/wp-content\/uploads\/2019\/08\/lehmsteine.jpg\" data-elementor-open-lightbox=\"yes\" data-elementor-lightbox-title=\"lehmsteine\" data-elementor-lightbox-description=\"Lehmsteine zur Wiederverwendung im Rest des kaputten Hauses\" data-e-action-hash=\"#elementor-action%3Aaction%3Dlightbox%26settings%3DeyJpZCI6ODQzLCJ1cmwiOiJodHRwczpcL1wvaHZ1LW9ubGluZS5kZVwvd3AtY29udGVudFwvdXBsb2Fkc1wvMjAxOVwvMDhcL2xlaG1zdGVpbmUuanBnIn0%3D\">\n\t\t\t\t\t\t\t<img loading=\"lazy\" decoding=\"async\" width=\"400\" height=\"300\" src=\"https:\/\/hvu-online.de\/wp-content\/uploads\/2019\/08\/lehmsteine.jpg\" class=\"attachment-large size-large wp-image-843\" alt=\"\" srcset=\"https:\/\/hvu-online.de\/wp-content\/uploads\/2019\/08\/lehmsteine.jpg 400w, https:\/\/hvu-online.de\/wp-content\/uploads\/2019\/08\/lehmsteine-300x225.jpg 300w\" sizes=\"(max-width: 400px) 100vw, 400px\" \/>\t\t\t\t\t\t\t\t<\/a>\n\t\t\t\t\t\t\t\t\t\t\t<figcaption class=\"widget-image-caption wp-caption-text\">Lehmsteine zur Wiederverwendung im Rest des kaputten Hauses<\/figcaption>\n\t\t\t\t\t\t\t\t\t\t<\/figure>\n\t\t\t\t\t\t\t\t\t<\/div>\n\t\t\t\t\t<\/div>\n\t\t<\/div>\n\t\t\t\t\t<\/div>\n\t\t<\/section>\n\t\t\t\t<section class=\"elementor-section elementor-top-section elementor-element elementor-element-e47096c elementor-section-boxed elementor-section-height-default elementor-section-height-default\" data-id=\"e47096c\" data-element_type=\"section\" data-e-type=\"section\">\n\t\t\t\t\t\t<div class=\"elementor-container elementor-column-gap-default\">\n\t\t\t\t\t<div class=\"elementor-column elementor-col-100 elementor-top-column elementor-element elementor-element-1261547\" data-id=\"1261547\" data-element_type=\"column\" data-e-type=\"column\">\n\t\t\t<div class=\"elementor-widget-wrap elementor-element-populated\">\n\t\t\t\t\t\t<div class=\"elementor-element elementor-element-91cc4c9 elementor-widget elementor-widget-text-editor\" data-id=\"91cc4c9\" data-element_type=\"widget\" data-e-type=\"widget\" data-widget_type=\"text-editor.default\">\n\t\t\t\t\t\t\t\t\t<p>Am 27. Januar 2010 verlor Familie Ombodi in Nagybereg durch eine Gasexplosion und das daraus folgende Feuer ihr Haus und das gesamte Hab und Gut. In einem Spendenaufruf baten wir Sie damals um Ihre Unterst\u00fctzung. Wir freuen uns sehr, dass wir dank vieler Spenden bei unserem Besuch im Mai einen beachtlichen Betrag zum Wiederaufbau des zerst\u00f6rten Hauses \u00fcbergeben konnten. In einem Gespr\u00e4ch zwischen Familie Ombodi junior, dem Ortspfarrer, Bischof S\u00e1ndor Z\u00e1n und uns wurde vereinbart, dass die Verwaltung des Geldes und die Nachweisf\u00fchrung der Ausgaben durch den Ortspfarrer erfolgt. Weiterhin wurde ein Verantwortlicher f\u00fcr den Bau benannt, der sich auch bereits um das Projekt und die Genehmigungen gek\u00fcmmert hatte. Unter seiner Leitung soll der Baufortschritt forciert und Termine f\u00fcr einzelne Bauabschnitte realisiert werden. Zum Zeitpunkt unseres Besuches war der Abriss der Ruine noch nicht vollst\u00e4ndig erfolgt. Alle f\u00fcr den Wiederaufbau noch brauchbaren Materialien, vor allem verschiedene Ziegel, wurden separat gelagert.<br \/>Inzwischen ist das alte Haus restlos abgebrochen, das Fundament f\u00fcr den Neubau fertig gestellt, verschiedenes Baumaterial gekauft und der Wiederaufbau angefangen.<\/p><p>Auf Bitten von Pfarrer S\u00e1ndor Z\u00e1n, dem Kantor sowie dem zust\u00e4ndigen Lehrer aus der Musikschule in V\u00e1ri beteiligten wir uns an den Kosten f\u00fcr den Kauf eines Saxophons f\u00fcr den 15j\u00e4hrigen D\u00e1niel Kiss. D\u00e1niel hat in diesen Tagen Schule und Musikschule beendet und m\u00f6chte gerne ab Herbst in Ungv\u00e1r Saxophon studieren. Er wird als sehr begabt bezeichnet und ein erstes Vorspiel in der Gebietshauptstadt l\u00e4sst hoffen, dass er die noch ausstehende Aufnahmepr\u00fcfung besteht. Daf\u00fcr ben\u00f6tigt er jedoch ein eigenes Saxophon. Bisher nutzte er ein Instrument der Musikschule, dass \u00fcbrigens auch einmal aus Spenden des Hilfsvereins Unterkarpaten angeschafft werden konnte. Dieses w\u00fcrde aber auch aufgrund seines Zustandes keine h\u00f6here Stufe der Ausbildung zulassen.<\/p>\t\t\t\t\t\t\t\t<\/div>\n\t\t\t\t\t<\/div>\n\t\t<\/div>\n\t\t\t\t\t<\/div>\n\t\t<\/section>\n\t\t\t\t<section class=\"elementor-section elementor-top-section elementor-element elementor-element-2c46f85 elementor-section-boxed elementor-section-height-default elementor-section-height-default\" data-id=\"2c46f85\" data-element_type=\"section\" data-e-type=\"section\">\n\t\t\t\t\t\t<div class=\"elementor-container elementor-column-gap-default\">\n\t\t\t\t\t<div class=\"elementor-column elementor-col-50 elementor-top-column elementor-element elementor-element-68cb142\" data-id=\"68cb142\" data-element_type=\"column\" data-e-type=\"column\">\n\t\t\t<div class=\"elementor-widget-wrap elementor-element-populated\">\n\t\t\t\t\t\t<div class=\"elementor-element elementor-element-9a81ef3 elementor-widget elementor-widget-text-editor\" data-id=\"9a81ef3\" data-element_type=\"widget\" data-e-type=\"widget\" data-widget_type=\"text-editor.default\">\n\t\t\t\t\t\t\t\t\t<p>D\u00e1niel wurde am Himmelfahrtstag in unserem Beisein konfirmiert. Am Nachmittag, also nur wenige Stunden nach dem Festgottesdienst, besuchten wir D\u00e1niel zuhause, um das neue Instrument anzuschauen und auch ein paar Proben seines K\u00f6nnens zu h\u00f6ren. Konfirmation wird in den Unterkarpaten auch als Fest der ganzen Familie begangen. Wie wir erfahren haben, gibt es je nach den finanziellen M\u00f6glichkeiten eine gr\u00f6\u00dfere, bei armen Leuten eine kleine Feier. D\u00e1niels Konfirmation wurde \u00fcberhaupt nicht gefeiert, weil die Familie \u00e4rmer ist als arm. Er hatte einen einfachen Jogging-Anzug an und bat uns, hineinzukommen. Nat\u00fcrlich zeigte er uns das Instrument und spielte verschiedene St\u00fccke vor. Die ganze Situation hat uns sehr ersch\u00fcttert und betroffen gemacht.\u00a0<\/p>\t\t\t\t\t\t\t\t<\/div>\n\t\t\t\t\t<\/div>\n\t\t<\/div>\n\t\t\t\t<div class=\"elementor-column elementor-col-50 elementor-top-column elementor-element elementor-element-f92d2c3\" data-id=\"f92d2c3\" data-element_type=\"column\" data-e-type=\"column\">\n\t\t\t<div class=\"elementor-widget-wrap elementor-element-populated\">\n\t\t\t\t\t\t<div class=\"elementor-element elementor-element-ff4e865 elementor-widget elementor-widget-image\" data-id=\"ff4e865\" data-element_type=\"widget\" data-e-type=\"widget\" data-widget_type=\"image.default\">\n\t\t\t\t\t\t\t\t\t\t\t\t\t\t\t\t<a href=\"https:\/\/hvu-online.de\/wp-content\/uploads\/2019\/08\/daniel.jpg\" data-elementor-open-lightbox=\"yes\" data-elementor-lightbox-title=\"daniel\" data-e-action-hash=\"#elementor-action%3Aaction%3Dlightbox%26settings%3DeyJpZCI6ODI5LCJ1cmwiOiJodHRwczpcL1wvaHZ1LW9ubGluZS5kZVwvd3AtY29udGVudFwvdXBsb2Fkc1wvMjAxOVwvMDhcL2RhbmllbC5qcGcifQ%3D%3D\">\n\t\t\t\t\t\t\t<img loading=\"lazy\" decoding=\"async\" width=\"400\" height=\"300\" src=\"https:\/\/hvu-online.de\/wp-content\/uploads\/2019\/08\/daniel.jpg\" class=\"attachment-large size-large wp-image-829\" alt=\"\" srcset=\"https:\/\/hvu-online.de\/wp-content\/uploads\/2019\/08\/daniel.jpg 400w, https:\/\/hvu-online.de\/wp-content\/uploads\/2019\/08\/daniel-300x225.jpg 300w\" sizes=\"(max-width: 400px) 100vw, 400px\" \/>\t\t\t\t\t\t\t\t<\/a>\n\t\t\t\t\t\t\t\t\t\t\t\t\t\t\t<\/div>\n\t\t\t\t\t<\/div>\n\t\t<\/div>\n\t\t\t\t\t<\/div>\n\t\t<\/section>\n\t\t\t\t<section class=\"elementor-section elementor-top-section elementor-element elementor-element-76e13bc elementor-section-boxed elementor-section-height-default elementor-section-height-default\" data-id=\"76e13bc\" data-element_type=\"section\" data-e-type=\"section\">\n\t\t\t\t\t\t<div class=\"elementor-container elementor-column-gap-default\">\n\t\t\t\t\t<div class=\"elementor-column elementor-col-100 elementor-top-column elementor-element elementor-element-bf848df\" data-id=\"bf848df\" data-element_type=\"column\" data-e-type=\"column\">\n\t\t\t<div class=\"elementor-widget-wrap elementor-element-populated\">\n\t\t\t\t\t\t<div class=\"elementor-element elementor-element-2edefbb elementor-widget elementor-widget-text-editor\" data-id=\"2edefbb\" data-element_type=\"widget\" data-e-type=\"widget\" data-widget_type=\"text-editor.default\">\n\t\t\t\t\t\t\t\t\t<p>Wir haben D\u00e1niel und seiner Familie versprochen, dass wir uns auch an den Studienkosten beteiligen werden. N\u00e4heres erfahren wir nach Aufnahme und Studienbeginn im Herbst.<br \/>Wenn Sie zur Finanzierung des Studiums von D\u00e1niel Kiss beitragen m\u00f6chten, dann verwenden Sie bitte bei der \u00dcberweisung das Kennwort: <b>Daniel<\/b>.<\/p>\t\t\t\t\t\t\t\t<\/div>\n\t\t\t\t<div class=\"elementor-element elementor-element-6d28a3c elementor-widget elementor-widget-text-editor\" data-id=\"6d28a3c\" data-element_type=\"widget\" data-e-type=\"widget\" data-widget_type=\"text-editor.default\">\n\t\t\t\t\t\t\t\t\t<p style=\"text-align: center;\"><strong>F\u00fcr heute gr\u00fc\u00dfen wir Sie herzlich aus Lengenfeld und w\u00fcnschen Ihnen eine sch\u00f6ne Sommer- und Urlaubszeit und gute Erholung. M\u00f6ge Gottes Segen Sie begleiten!<\/strong><\/p>\t\t\t\t\t\t\t\t<\/div>\n\t\t\t\t\t<\/div>\n\t\t<\/div>\n\t\t\t\t\t<\/div>\n\t\t<\/section>\n\t\t\t\t<\/div>\n\t\t","protected":false},"excerpt":{"rendered":"<p>Halbjahresbericht 2010 Vielleicht sind Sie schon auf Reisen oder werden demn\u00e4chst in den Urlaub starten. Oder Sie verbringen den Sommer zuhause, mit Ausfl\u00fcgen in die Umgebung, Baden oder im eigenen Garten. Wir m\u00f6chten Sie gerne wieder \u00fcber Neuigkeiten aus unserer Arbeit, \u00fcber Hilfen und Projekte und die Lage in den Unterkarpaten informieren. Situation vor Ort <a href=\"https:\/\/hvu-online.de\/index.php\/2010\/06\/30\/halbjahresbericht-2010\/\" class=\"read-more inline\">&#8230; <br \/>mehr lesen<\/a><\/p>\n","protected":false},"author":2,"featured_media":838,"comment_status":"closed","ping_status":"closed","sticky":false,"template":"","format":"standard","meta":{"footnotes":""},"categories":[1],"tags":[],"class_list":["post-1394","post","type-post","status-publish","format-standard","has-post-thumbnail","hentry","category-allgemein"],"_links":{"self":[{"href":"https:\/\/hvu-online.de\/index.php\/wp-json\/wp\/v2\/posts\/1394","targetHints":{"allow":["GET"]}}],"collection":[{"href":"https:\/\/hvu-online.de\/index.php\/wp-json\/wp\/v2\/posts"}],"about":[{"href":"https:\/\/hvu-online.de\/index.php\/wp-json\/wp\/v2\/types\/post"}],"author":[{"embeddable":true,"href":"https:\/\/hvu-online.de\/index.php\/wp-json\/wp\/v2\/users\/2"}],"replies":[{"embeddable":true,"href":"https:\/\/hvu-online.de\/index.php\/wp-json\/wp\/v2\/comments?post=1394"}],"version-history":[{"count":3,"href":"https:\/\/hvu-online.de\/index.php\/wp-json\/wp\/v2\/posts\/1394\/revisions"}],"predecessor-version":[{"id":1397,"href":"https:\/\/hvu-online.de\/index.php\/wp-json\/wp\/v2\/posts\/1394\/revisions\/1397"}],"wp:featuredmedia":[{"embeddable":true,"href":"https:\/\/hvu-online.de\/index.php\/wp-json\/wp\/v2\/media\/838"}],"wp:attachment":[{"href":"https:\/\/hvu-online.de\/index.php\/wp-json\/wp\/v2\/media?parent=1394"}],"wp:term":[{"taxonomy":"category","embeddable":true,"href":"https:\/\/hvu-online.de\/index.php\/wp-json\/wp\/v2\/categories?post=1394"},{"taxonomy":"post_tag","embeddable":true,"href":"https:\/\/hvu-online.de\/index.php\/wp-json\/wp\/v2\/tags?post=1394"}],"curies":[{"name":"wp","href":"https:\/\/api.w.org\/{rel}","templated":true}]}}