{"id":1176,"date":"2017-12-24T16:39:15","date_gmt":"2017-12-24T15:39:15","guid":{"rendered":"https:\/\/hvu-online.de\/?p=1176"},"modified":"2019-09-26T08:45:27","modified_gmt":"2019-09-26T06:45:27","slug":"2017-aktion-weihnachtsfreude","status":"publish","type":"post","link":"https:\/\/hvu-online.de\/index.php\/2017\/12\/24\/2017-aktion-weihnachtsfreude\/","title":{"rendered":"2017 &#8211; Aktion Weihnachtsfreude"},"content":{"rendered":"\t\t<div data-elementor-type=\"wp-post\" data-elementor-id=\"1176\" class=\"elementor elementor-1176\" data-elementor-post-type=\"post\">\n\t\t\t\t\t\t<section class=\"elementor-section elementor-top-section elementor-element elementor-element-bb9c3c0 elementor-section-boxed elementor-section-height-default elementor-section-height-default\" data-id=\"bb9c3c0\" data-element_type=\"section\" data-e-type=\"section\">\n\t\t\t\t\t\t<div class=\"elementor-container elementor-column-gap-default\">\n\t\t\t\t\t<div class=\"elementor-column elementor-col-100 elementor-top-column elementor-element elementor-element-da919f2\" data-id=\"da919f2\" data-element_type=\"column\" data-e-type=\"column\">\n\t\t\t<div class=\"elementor-widget-wrap elementor-element-populated\">\n\t\t\t\t\t\t<div class=\"elementor-element elementor-element-3ac5ed6 elementor-widget elementor-widget-text-editor\" data-id=\"3ac5ed6\" data-element_type=\"widget\" data-e-type=\"widget\" data-widget_type=\"text-editor.default\">\n\t\t\t\t\t\t\t\t\t<h1>2017 &#8211; 20. Aktion Weihnachtsfreude<\/h1><h2>Das Fest der Liebe &#8230;<\/h2><p>Danke f\u00fcr das Vertrauen, dass Sie schon seit\u00a0Jahren in uns und unsere Partner haben! Und\u00a0wenn Sie dieses Faltblatt zum ersten Mal in\u00a0H\u00e4nden halten, dann k\u00f6nnen Sie sich darauf\u00a0verlassen: Ihre Spende ist in guten H\u00e4nden.<\/p>\t\t\t\t\t\t\t\t<\/div>\n\t\t\t\t\t<\/div>\n\t\t<\/div>\n\t\t\t\t\t<\/div>\n\t\t<\/section>\n\t\t\t\t<section class=\"elementor-section elementor-top-section elementor-element elementor-element-958fe38 elementor-section-boxed elementor-section-height-default elementor-section-height-default\" data-id=\"958fe38\" data-element_type=\"section\" data-e-type=\"section\">\n\t\t\t\t\t\t<div class=\"elementor-container elementor-column-gap-default\">\n\t\t\t\t\t<div class=\"elementor-column elementor-col-50 elementor-top-column elementor-element elementor-element-6aefdd6\" data-id=\"6aefdd6\" data-element_type=\"column\" data-e-type=\"column\">\n\t\t\t<div class=\"elementor-widget-wrap elementor-element-populated\">\n\t\t\t\t\t\t<div class=\"elementor-element elementor-element-fe39151 elementor-widget elementor-widget-text-editor\" data-id=\"fe39151\" data-element_type=\"widget\" data-e-type=\"widget\" data-widget_type=\"text-editor.default\">\n\t\t\t\t\t\t\t\t\t<p>Begonnen hat alles 1998 mit rund 1000\u00a0P\u00e4ckchen. Im letzten Jahr konnten durch Ihre\u00a0Spenden mehr als 6500 Kinder beschenkt\u00a0werden.<\/p><p>Zu ihnen geh\u00f6rt auch die dreij\u00e4hrige Ad\u00e9l Iv\u00e1n\u00a0aus dem Kindergarten in Dercen. Mit gro\u00dfen\u00a0Augen hat sie ihr Geschenk erhalten. Aber auch\u00a0an Ad\u00e9l geht die Situation im Land nicht spurlos\u00a0vor\u00fcber. Von einer unbeschwerten Kindheit wagt\u00a0dort niemand mehr zu reden.\u00a0\u00dcber drei Jahre dauert inzwischen der Krieg im\u00a0Osten der Ukraine schon an. Beide Seiten\u00a0scheinen an einem wirklichem Frieden nicht\u00a0interessiert zu sein. Im Gegenteil, von\u00a0ukrainischer Seite wird der Konflikt eher\u00a0angeheizt. Aus heutiger Sicht ist nicht absehbar,\u00a0welche Folgen ein wahrscheinliches\u00a0Sprachgesetz haben wird. Demnach soll im Land nur noch ukrainisch akzeptiert und alle Sprachen der Minderheiten verboten werden sowie alle ihre Einrichtungen die Arbeit einstellen. Das soll durch eine Art \u201eSprachpolizei\u201c \u00fcberwacht und kontrolliert werden. Nat\u00fcrlich handelt es sich dabei in erster Linie um eine Provokation Russlands und der gesamten Ostukraine, aber genau so nat\u00fcrlich sind alle anderen Minderheiten im Land betroffen. Das steht auch in direktem Gegensatz zu den Minderheitenrechten in der EU.<\/p>\t\t\t\t\t\t\t\t<\/div>\n\t\t\t\t\t<\/div>\n\t\t<\/div>\n\t\t\t\t<div class=\"elementor-column elementor-col-50 elementor-top-column elementor-element elementor-element-d799da4\" data-id=\"d799da4\" data-element_type=\"column\" data-e-type=\"column\">\n\t\t\t<div class=\"elementor-widget-wrap elementor-element-populated\">\n\t\t\t\t\t\t<div class=\"elementor-element elementor-element-1998d1a elementor-widget elementor-widget-image\" data-id=\"1998d1a\" data-element_type=\"widget\" data-e-type=\"widget\" data-widget_type=\"image.default\">\n\t\t\t\t\t\t\t\t\t\t\t\t<figure class=\"wp-caption\">\n\t\t\t\t\t\t\t\t\t\t\t<a href=\"https:\/\/hvu-online.de\/wp-content\/uploads\/2019\/08\/IMG_0054.jpg\" data-elementor-open-lightbox=\"yes\" data-elementor-lightbox-title=\"IMG_0054\" data-elementor-lightbox-description=\"Ad\u00e9l Iv\u00e1n aus Dercen\" data-e-action-hash=\"#elementor-action%3Aaction%3Dlightbox%26settings%3DeyJpZCI6Njk1LCJ1cmwiOiJodHRwczpcL1wvaHZ1LW9ubGluZS5kZVwvd3AtY29udGVudFwvdXBsb2Fkc1wvMjAxOVwvMDhcL0lNR18wMDU0LmpwZyJ9\">\n\t\t\t\t\t\t\t<img fetchpriority=\"high\" decoding=\"async\" width=\"675\" height=\"945\" src=\"https:\/\/hvu-online.de\/wp-content\/uploads\/2019\/08\/IMG_0054.jpg\" class=\"attachment-large size-large wp-image-695\" alt=\"\" srcset=\"https:\/\/hvu-online.de\/wp-content\/uploads\/2019\/08\/IMG_0054.jpg 675w, https:\/\/hvu-online.de\/wp-content\/uploads\/2019\/08\/IMG_0054-214x300.jpg 214w\" sizes=\"(max-width: 675px) 100vw, 675px\" \/>\t\t\t\t\t\t\t\t<\/a>\n\t\t\t\t\t\t\t\t\t\t\t<figcaption class=\"widget-image-caption wp-caption-text\">Ad\u00e9l Iv\u00e1n aus Dercen<\/figcaption>\n\t\t\t\t\t\t\t\t\t\t<\/figure>\n\t\t\t\t\t\t\t\t\t<\/div>\n\t\t\t\t\t<\/div>\n\t\t<\/div>\n\t\t\t\t\t<\/div>\n\t\t<\/section>\n\t\t\t\t<section class=\"elementor-section elementor-top-section elementor-element elementor-element-be76e7a elementor-section-boxed elementor-section-height-default elementor-section-height-default\" data-id=\"be76e7a\" data-element_type=\"section\" data-e-type=\"section\">\n\t\t\t\t\t\t<div class=\"elementor-container elementor-column-gap-default\">\n\t\t\t\t\t<div class=\"elementor-column elementor-col-100 elementor-top-column elementor-element elementor-element-9a9b477\" data-id=\"9a9b477\" data-element_type=\"column\" data-e-type=\"column\">\n\t\t\t<div class=\"elementor-widget-wrap elementor-element-populated\">\n\t\t\t\t\t\t<div class=\"elementor-element elementor-element-5603e2c elementor-widget elementor-widget-text-editor\" data-id=\"5603e2c\" data-element_type=\"widget\" data-e-type=\"widget\" data-widget_type=\"text-editor.default\">\n\t\t\t\t\t\t\t\t\t<p style=\"text-align: center;\"><strong>Gerade in dieser Situation ist es wichtig, den Kindern wenigstens einmal im Jahr eine unvergessliche Freude zu machen.<\/strong><\/p><p style=\"text-align: center;\"><strong>Wir bitten Sie wieder sehr herzlich um Ihre Unterst\u00fctzung f\u00fcr unsere\u00a020. Aktion \u201eWeihnachtsfreude\u201c!<\/strong><\/p><p>Wir sammeln die Spenden und bringen das Geld in die Ukraine. Unsere Partner in den Gemeinden der Reformierten Kirche der Unterkarpaten kaufen die Geschenke. Liebevoll und mit viel Engagement packen sie P\u00e4ckchen f\u00fcr P\u00e4ckchen und verteilen sie an die Kinder.<\/p>\t\t\t\t\t\t\t\t<\/div>\n\t\t\t\t\t<\/div>\n\t\t<\/div>\n\t\t\t\t\t<\/div>\n\t\t<\/section>\n\t\t\t\t<section class=\"elementor-section elementor-top-section elementor-element elementor-element-3d51640 elementor-section-boxed elementor-section-height-default elementor-section-height-default\" data-id=\"3d51640\" data-element_type=\"section\" data-e-type=\"section\">\n\t\t\t\t\t\t<div class=\"elementor-container elementor-column-gap-default\">\n\t\t\t\t\t<div class=\"elementor-column elementor-col-100 elementor-top-column elementor-element elementor-element-b7cfc84\" data-id=\"b7cfc84\" data-element_type=\"column\" data-e-type=\"column\">\n\t\t\t<div class=\"elementor-widget-wrap elementor-element-populated\">\n\t\t\t\t\t\t<div class=\"elementor-element elementor-element-0252b15 elementor-widget elementor-widget-text-editor\" data-id=\"0252b15\" data-element_type=\"widget\" data-e-type=\"widget\" data-widget_type=\"text-editor.default\">\n\t\t\t\t\t\t\t\t\t<h2>Ihr Beitrag ist jedoch der wichtigste, damit Kinderaugen wirklich strahlen!<\/h2>\t\t\t\t\t\t\t\t<\/div>\n\t\t\t\t\t<\/div>\n\t\t<\/div>\n\t\t\t\t\t<\/div>\n\t\t<\/section>\n\t\t\t\t<section class=\"elementor-section elementor-top-section elementor-element elementor-element-977df1a elementor-section-boxed elementor-section-height-default elementor-section-height-default\" data-id=\"977df1a\" data-element_type=\"section\" data-e-type=\"section\">\n\t\t\t\t\t\t<div class=\"elementor-container elementor-column-gap-default\">\n\t\t\t\t\t<div class=\"elementor-column elementor-col-50 elementor-top-column elementor-element elementor-element-a7fae42\" data-id=\"a7fae42\" data-element_type=\"column\" data-e-type=\"column\">\n\t\t\t<div class=\"elementor-widget-wrap elementor-element-populated\">\n\t\t\t\t\t\t<div class=\"elementor-element elementor-element-753ca76 elementor-widget elementor-widget-text-editor\" data-id=\"753ca76\" data-element_type=\"widget\" data-e-type=\"widget\" data-widget_type=\"text-editor.default\">\n\t\t\t\t\t\t\t\t\t<p>Sprechen Sie mit Ihren Verwandten und Bekannten, Nachbarn, Freunden und Arbeitskollegen \u00fcber unsere Weihnachtsp\u00e4ckchenaktion und die wunderbar einfache M\u00f6glichkeit, Kindern auf der Schattenseite des Lebens eine gro\u00dfartige Weihnachts\u00fcberraschung zu machen.<\/p><p>Wir freuen uns \u00fcber jede Idee, mit der sich auch Schulklassen, Kinderg\u00e4rten, Betriebe, Gemeindekreise oder Sportgruppen beteiligen.<\/p><p>P\u00e4ckchen f\u00fcr P\u00e4ckchen l\u00e4sst Kinderaugen leuchten. Wir k\u00f6nnen oft mit wenig Geld so viel erreichen. Mit nur 5 Euro zaubern Sie ein Strahlen in ein Kindergesicht. Machen Sie mit und schenken Sie Freude und Hoffnung. Gemeinsam k\u00f6nnen wir Gro\u00dfes wagen!<\/p>\t\t\t\t\t\t\t\t<\/div>\n\t\t\t\t\t<\/div>\n\t\t<\/div>\n\t\t\t\t<div class=\"elementor-column elementor-col-50 elementor-top-column elementor-element elementor-element-ad0eee7\" data-id=\"ad0eee7\" data-element_type=\"column\" data-e-type=\"column\">\n\t\t\t<div class=\"elementor-widget-wrap elementor-element-populated\">\n\t\t\t\t\t\t<div class=\"elementor-element elementor-element-6b61873 elementor-widget elementor-widget-image\" data-id=\"6b61873\" data-element_type=\"widget\" data-e-type=\"widget\" data-widget_type=\"image.default\">\n\t\t\t\t\t\t\t\t\t\t\t\t<figure class=\"wp-caption\">\n\t\t\t\t\t\t\t\t\t\t\t<a href=\"https:\/\/hvu-online.de\/wp-content\/uploads\/2019\/08\/IMG_3265.jpg\" data-elementor-open-lightbox=\"yes\" data-elementor-lightbox-title=\"IMG_3265\" data-elementor-lightbox-description=\"Dominik Z\u00e1n, M\u00e1rk Kiss Simon und Karcsika Marinka - die drei Neunj\u00e4hrigen aus Tiszab\u00f6k\u00e9ny bestaunen gegenseitig ihre \u201eSch\u00e4tze\u201c.\" data-e-action-hash=\"#elementor-action%3Aaction%3Dlightbox%26settings%3DeyJpZCI6Njk2LCJ1cmwiOiJodHRwczpcL1wvaHZ1LW9ubGluZS5kZVwvd3AtY29udGVudFwvdXBsb2Fkc1wvMjAxOVwvMDhcL0lNR18zMjY1LmpwZyJ9\">\n\t\t\t\t\t\t\t<img decoding=\"async\" width=\"900\" height=\"675\" src=\"https:\/\/hvu-online.de\/wp-content\/uploads\/2019\/08\/IMG_3265.jpg\" class=\"attachment-large size-large wp-image-696\" alt=\"\" srcset=\"https:\/\/hvu-online.de\/wp-content\/uploads\/2019\/08\/IMG_3265.jpg 900w, https:\/\/hvu-online.de\/wp-content\/uploads\/2019\/08\/IMG_3265-300x225.jpg 300w, https:\/\/hvu-online.de\/wp-content\/uploads\/2019\/08\/IMG_3265-768x576.jpg 768w\" sizes=\"(max-width: 900px) 100vw, 900px\" \/>\t\t\t\t\t\t\t\t<\/a>\n\t\t\t\t\t\t\t\t\t\t\t<figcaption class=\"widget-image-caption wp-caption-text\">Dominik Z\u00e1n, M\u00e1rk Kiss Simon und Karcsika Marinka - die drei Neunj\u00e4hrigen aus Tiszab\u00f6k\u00e9ny bestaunen gegenseitig ihre \u201eSch\u00e4tze\u201c.<\/figcaption>\n\t\t\t\t\t\t\t\t\t\t<\/figure>\n\t\t\t\t\t\t\t\t\t<\/div>\n\t\t\t\t\t<\/div>\n\t\t<\/div>\n\t\t\t\t\t<\/div>\n\t\t<\/section>\n\t\t\t\t<section class=\"elementor-section elementor-top-section elementor-element elementor-element-f401339 elementor-section-boxed elementor-section-height-default elementor-section-height-default\" data-id=\"f401339\" data-element_type=\"section\" data-e-type=\"section\">\n\t\t\t\t\t\t<div class=\"elementor-container elementor-column-gap-default\">\n\t\t\t\t\t<div class=\"elementor-column elementor-col-100 elementor-top-column elementor-element elementor-element-25b266e\" data-id=\"25b266e\" data-element_type=\"column\" data-e-type=\"column\">\n\t\t\t<div class=\"elementor-widget-wrap elementor-element-populated\">\n\t\t\t\t\t\t<div class=\"elementor-element elementor-element-623cbf0 elementor-widget elementor-widget-text-editor\" data-id=\"623cbf0\" data-element_type=\"widget\" data-e-type=\"widget\" data-widget_type=\"text-editor.default\">\n\t\t\t\t\t\t\t\t\t<h2>Unsere 4 Pluspunkte:<\/h2><ul><li>Der Kauf der Geschenke in der Ukraine spart viel Geld f\u00fcr aufwendige Transporte.\u00a0Geld, das den Kindern zugute kommt.\u00a0<\/li><li>Viele der Geschenke sind dort deutlich billiger. Also mehr Geschenke f\u00fcr das\u00a0gleiche Geld.\u00a0Beim P\u00e4ckcheninhalt m\u00fcssen keine Einfuhr- und Zollvorschriften beachtet\u00a0werden.<\/li><li>\u00a0Der Einkauf in der Ukraine unterst\u00fctzt die \u00f6rtlichen Kleinh\u00e4ndler und tr\u00e4gt zum\u00a0Lebensunterhalt ihrer Familien bei. Auch deshalb kaufen wir vor Ort.<\/li><li>\u00a0Wir kennen einen Gro\u00dfteil der Verantwortlichen in den \u00fcber 50 D\u00f6rfern,\u00a0Kinderheimen und Kinderg\u00e4rten pers\u00f6nlich. Und unsere Partner kennen die\u00a0Kinder und wissen, wor\u00fcber sie sich freuen. Sie beteiligen sich sehr gerne an der\u00a0Aktion und erledigen alle anfallenden Aufgaben vor Ort. Dieses\u00a0partnerschaftliche Miteinander ist uns sehr wichtig!<\/li><\/ul>\t\t\t\t\t\t\t\t<\/div>\n\t\t\t\t<div class=\"elementor-element elementor-element-aa05bbf elementor-widget elementor-widget-text-editor\" data-id=\"aa05bbf\" data-element_type=\"widget\" data-e-type=\"widget\" data-widget_type=\"text-editor.default\">\n\t\t\t\t\t\t\t\t\t<h3>Ihre Spende erbitten wir auf unser Konto bei der Sparkasse Vogtland.<\/h3><p><strong>IBAN: DE57 870 580 00 381 20 10 908<\/strong><br \/><strong>BIC: WELADED1PLX<\/strong><br \/><strong>Kennwort: WEIHNACHTSFREUDE<\/strong><br \/>\u00a0<br \/>Auf\u00a0 Anforderung\u00a0erstellen\u00a0 wir\u00a0 Ihnen\u00a0eine\u00a0 Zuwendungsbest\u00e4tigung. Bitte vergessen Sie Ihre Adressangabe unter \u201eVerwendungszweck\u201c nicht!<br \/>\u00a0<br \/><strong>Bitte helfen Sie mit!\u00a0Wir freuen uns darauf. Danke!<\/strong><\/p>\t\t\t\t\t\t\t\t<\/div>\n\t\t\t\t\t<\/div>\n\t\t<\/div>\n\t\t\t\t\t<\/div>\n\t\t<\/section>\n\t\t\t\t<section class=\"elementor-section elementor-top-section elementor-element elementor-element-d2a8e48 elementor-section-boxed elementor-section-height-default elementor-section-height-default\" data-id=\"d2a8e48\" data-element_type=\"section\" data-e-type=\"section\">\n\t\t\t\t\t\t<div class=\"elementor-container elementor-column-gap-default\">\n\t\t\t\t\t<div class=\"elementor-column elementor-col-100 elementor-top-column elementor-element elementor-element-665a064\" data-id=\"665a064\" data-element_type=\"column\" data-e-type=\"column\">\n\t\t\t<div class=\"elementor-widget-wrap elementor-element-populated\">\n\t\t\t\t\t\t<div class=\"elementor-element elementor-element-a612f1c elementor-widget elementor-widget-text-editor\" data-id=\"a612f1c\" data-element_type=\"widget\" data-e-type=\"widget\" data-widget_type=\"text-editor.default\">\n\t\t\t\t\t\t\t\t\t<h2>Wir unterst\u00fctzen diese Aktion &#8211; Machen Sie mit?!<\/h2>\t\t\t\t\t\t\t\t<\/div>\n\t\t\t\t\t<\/div>\n\t\t<\/div>\n\t\t\t\t\t<\/div>\n\t\t<\/section>\n\t\t\t\t<section class=\"elementor-section elementor-top-section elementor-element elementor-element-8d408a5 elementor-section-boxed elementor-section-height-default elementor-section-height-default\" data-id=\"8d408a5\" data-element_type=\"section\" data-e-type=\"section\">\n\t\t\t\t\t\t<div class=\"elementor-container elementor-column-gap-default\">\n\t\t\t\t\t<div class=\"elementor-column elementor-col-50 elementor-top-column elementor-element elementor-element-9ce5362\" data-id=\"9ce5362\" data-element_type=\"column\" data-e-type=\"column\">\n\t\t\t<div class=\"elementor-widget-wrap elementor-element-populated\">\n\t\t\t\t\t\t<div class=\"elementor-element elementor-element-1d915bb elementor-widget elementor-widget-text-editor\" data-id=\"1d915bb\" data-element_type=\"widget\" data-e-type=\"widget\" data-widget_type=\"text-editor.default\">\n\t\t\t\t\t\t\t\t\t<p>\u201eGerade f\u00fcr Kinder ist Weihnachten eine herrliche Zeit voller Zauber und Freude. Aber nur rund 1200 km von uns entfernt mitten in Europa sieht die Welt v\u00f6llig anders aus. Wirtschaftliche Armut und politisch unruhige Zeiten sind an der Tagesordnung. Lassen Sie uns gemeinsam etwas f\u00fcr die Kinder in den Unterkarpaten tun, schenken wir ihnen wenigstens zu Weihnachten eine tolle \u00dcberraschung, eine unvergessliche Freude in ihr kleines Herz.\u201c<\/p><p><strong>Gunther Emmerlich<br \/><\/strong><em>S\u00e4nger und Entertainer<\/em><\/p>\t\t\t\t\t\t\t\t<\/div>\n\t\t\t\t\t<\/div>\n\t\t<\/div>\n\t\t\t\t<div class=\"elementor-column elementor-col-50 elementor-top-column elementor-element elementor-element-57f2ecd\" data-id=\"57f2ecd\" data-element_type=\"column\" data-e-type=\"column\">\n\t\t\t<div class=\"elementor-widget-wrap elementor-element-populated\">\n\t\t\t\t\t\t<div class=\"elementor-element elementor-element-2cb5940 elementor-widget elementor-widget-image\" data-id=\"2cb5940\" data-element_type=\"widget\" data-e-type=\"widget\" data-widget_type=\"image.default\">\n\t\t\t\t\t\t\t\t\t\t\t\t\t\t\t\t<a href=\"https:\/\/hvu-online.de\/wp-content\/uploads\/2019\/08\/EMM010.jpg\" data-elementor-open-lightbox=\"yes\" data-elementor-lightbox-title=\"EMM010\" data-elementor-lightbox-description=\"Gunther Emmerlich, S\u00e4nger und Entertainer\" data-e-action-hash=\"#elementor-action%3Aaction%3Dlightbox%26settings%3DeyJpZCI6Njk0LCJ1cmwiOiJodHRwczpcL1wvaHZ1LW9ubGluZS5kZVwvd3AtY29udGVudFwvdXBsb2Fkc1wvMjAxOVwvMDhcL0VNTTAxMC5qcGcifQ%3D%3D\">\n\t\t\t\t\t\t\t<img decoding=\"async\" width=\"300\" height=\"368\" src=\"https:\/\/hvu-online.de\/wp-content\/uploads\/2019\/08\/EMM010.jpg\" class=\"attachment-large size-large wp-image-694\" alt=\"\" srcset=\"https:\/\/hvu-online.de\/wp-content\/uploads\/2019\/08\/EMM010.jpg 300w, https:\/\/hvu-online.de\/wp-content\/uploads\/2019\/08\/EMM010-245x300.jpg 245w\" sizes=\"(max-width: 300px) 100vw, 300px\" \/>\t\t\t\t\t\t\t\t<\/a>\n\t\t\t\t\t\t\t\t\t\t\t\t\t\t\t<\/div>\n\t\t\t\t\t<\/div>\n\t\t<\/div>\n\t\t\t\t\t<\/div>\n\t\t<\/section>\n\t\t\t\t<section class=\"elementor-section elementor-top-section elementor-element elementor-element-109a875 elementor-section-boxed elementor-section-height-default elementor-section-height-default\" data-id=\"109a875\" data-element_type=\"section\" data-e-type=\"section\">\n\t\t\t\t\t\t<div class=\"elementor-container elementor-column-gap-default\">\n\t\t\t\t\t<div class=\"elementor-column elementor-col-50 elementor-top-column elementor-element elementor-element-76f1f02\" data-id=\"76f1f02\" data-element_type=\"column\" data-e-type=\"column\">\n\t\t\t<div class=\"elementor-widget-wrap elementor-element-populated\">\n\t\t\t\t\t\t<div class=\"elementor-element elementor-element-1b32fa8 elementor-widget elementor-widget-text-editor\" data-id=\"1b32fa8\" data-element_type=\"widget\" data-e-type=\"widget\" data-widget_type=\"text-editor.default\">\n\t\t\t\t\t\t\t\t\t<p>\u201eDie Globalisierung der Weltwirtschaft f\u00fchrt zu immer gr\u00f6\u00dferen sozialen Gegens\u00e4tzen. Menschen in strukturschwachen Regionen wie den Unterkarpaten sind davon besonders betroffen. Deswegen ist es mir ein Anliegen, die Weihnachtsaktion zu unterst\u00fctzen.\u201c<\/p><p><strong>Bj\u00f6rn Kircheisen<br \/><\/strong><em>mehrfacher Medaillengewinner bei Olympischen Spielen und Weltmeisterschaften sowie Mannschaftsweltmeister 2017 in der Nordischen Kombination<\/em><strong><br \/><\/strong><\/p>\t\t\t\t\t\t\t\t<\/div>\n\t\t\t\t\t<\/div>\n\t\t<\/div>\n\t\t\t\t<div class=\"elementor-column elementor-col-50 elementor-top-column elementor-element elementor-element-ba53a92\" data-id=\"ba53a92\" data-element_type=\"column\" data-e-type=\"column\">\n\t\t\t<div class=\"elementor-widget-wrap elementor-element-populated\">\n\t\t\t\t\t\t<div class=\"elementor-element elementor-element-5992c02 elementor-widget elementor-widget-image\" data-id=\"5992c02\" data-element_type=\"widget\" data-e-type=\"widget\" data-widget_type=\"image.default\">\n\t\t\t\t\t\t\t\t\t\t\t\t\t\t\t\t<a href=\"https:\/\/hvu-online.de\/wp-content\/uploads\/2019\/08\/DSC01189A.jpg\" data-elementor-open-lightbox=\"yes\" data-elementor-lightbox-title=\"SONY DSC\" data-elementor-lightbox-description=\"Bj\u00f6rn Kircheisen, mehrfacher Medaillengewinner bei Olympischen Spielen und Weltmeisterschaften sowie Mannschaftsweltmeister 2017 in der Nordischen Kombination\" data-e-action-hash=\"#elementor-action%3Aaction%3Dlightbox%26settings%3DeyJpZCI6NjkzLCJ1cmwiOiJodHRwczpcL1wvaHZ1LW9ubGluZS5kZVwvd3AtY29udGVudFwvdXBsb2Fkc1wvMjAxOVwvMDhcL0RTQzAxMTg5QS5qcGcifQ%3D%3D\">\n\t\t\t\t\t\t\t<img loading=\"lazy\" decoding=\"async\" width=\"300\" height=\"349\" src=\"https:\/\/hvu-online.de\/wp-content\/uploads\/2019\/08\/DSC01189A.jpg\" class=\"attachment-large size-large wp-image-693\" alt=\"\" srcset=\"https:\/\/hvu-online.de\/wp-content\/uploads\/2019\/08\/DSC01189A.jpg 300w, https:\/\/hvu-online.de\/wp-content\/uploads\/2019\/08\/DSC01189A-258x300.jpg 258w\" sizes=\"(max-width: 300px) 100vw, 300px\" \/>\t\t\t\t\t\t\t\t<\/a>\n\t\t\t\t\t\t\t\t\t\t\t\t\t\t\t<\/div>\n\t\t\t\t\t<\/div>\n\t\t<\/div>\n\t\t\t\t\t<\/div>\n\t\t<\/section>\n\t\t\t\t<\/div>\n\t\t","protected":false},"excerpt":{"rendered":"<p>2017 &#8211; 20. Aktion Weihnachtsfreude Das Fest der Liebe &#8230; Danke f\u00fcr das Vertrauen, dass Sie schon seit\u00a0Jahren in uns und unsere Partner haben! Und\u00a0wenn Sie dieses Faltblatt zum ersten Mal in\u00a0H\u00e4nden halten, dann k\u00f6nnen Sie sich darauf\u00a0verlassen: Ihre Spende ist in guten H\u00e4nden. Begonnen hat alles 1998 mit rund 1000\u00a0P\u00e4ckchen. Im letzten Jahr konnten <a href=\"https:\/\/hvu-online.de\/index.php\/2017\/12\/24\/2017-aktion-weihnachtsfreude\/\" class=\"read-more inline\">&#8230; <br \/>mehr lesen<\/a><\/p>\n","protected":false},"author":2,"featured_media":696,"comment_status":"closed","ping_status":"closed","sticky":false,"template":"","format":"standard","meta":{"footnotes":""},"categories":[1],"tags":[],"class_list":["post-1176","post","type-post","status-publish","format-standard","has-post-thumbnail","hentry","category-allgemein"],"_links":{"self":[{"href":"https:\/\/hvu-online.de\/index.php\/wp-json\/wp\/v2\/posts\/1176","targetHints":{"allow":["GET"]}}],"collection":[{"href":"https:\/\/hvu-online.de\/index.php\/wp-json\/wp\/v2\/posts"}],"about":[{"href":"https:\/\/hvu-online.de\/index.php\/wp-json\/wp\/v2\/types\/post"}],"author":[{"embeddable":true,"href":"https:\/\/hvu-online.de\/index.php\/wp-json\/wp\/v2\/users\/2"}],"replies":[{"embeddable":true,"href":"https:\/\/hvu-online.de\/index.php\/wp-json\/wp\/v2\/comments?post=1176"}],"version-history":[{"count":4,"href":"https:\/\/hvu-online.de\/index.php\/wp-json\/wp\/v2\/posts\/1176\/revisions"}],"predecessor-version":[{"id":1180,"href":"https:\/\/hvu-online.de\/index.php\/wp-json\/wp\/v2\/posts\/1176\/revisions\/1180"}],"wp:featuredmedia":[{"embeddable":true,"href":"https:\/\/hvu-online.de\/index.php\/wp-json\/wp\/v2\/media\/696"}],"wp:attachment":[{"href":"https:\/\/hvu-online.de\/index.php\/wp-json\/wp\/v2\/media?parent=1176"}],"wp:term":[{"taxonomy":"category","embeddable":true,"href":"https:\/\/hvu-online.de\/index.php\/wp-json\/wp\/v2\/categories?post=1176"},{"taxonomy":"post_tag","embeddable":true,"href":"https:\/\/hvu-online.de\/index.php\/wp-json\/wp\/v2\/tags?post=1176"}],"curies":[{"name":"wp","href":"https:\/\/api.w.org\/{rel}","templated":true}]}}